{"id":93915,"date":"2026-03-13T13:35:30","date_gmt":"2026-03-13T10:35:30","guid":{"rendered":"https:\/\/www.egemtv.com\/?p=93915"},"modified":"2026-03-13T13:35:31","modified_gmt":"2026-03-13T10:35:31","slug":"denizlili-para-okcu-abdullah-yorulmaz-turkiye-sampiyonu-oldu","status":"publish","type":"post","link":"https:\/\/www.egemtv.com\/?p=93915","title":{"rendered":"Denizlili Para Ok\u00e7u Abdullah Yorulmaz T\u00fcrkiye \u015eampiyonu oldu"},"content":{"rendered":"<p>18 Mart \u00c7anakkale \u015eehitleri Anma Para Ok\u00e7uluk T\u00fcrkiye Kupas\u0131 (TSP-1) yar\u0131\u015fmas\u0131nda Para Makaral\u0131 Yay Erkek kategorisinde yar\u0131\u015fan Denizlili sporcU Abdullah Yorulmaz T\u00fcrkiye \u015eampiyonu oldu. Tak\u0131mlarda ise Para Makaral\u0131 Yay Kar\u0131\u015f\u0131k Tak\u0131mda yar\u0131\u015fan sporcu T\u00fcrkiye \u015eampiyonu olarak ba\u015far\u0131s\u0131n\u0131 ta\u00e7land\u0131rd\u0131.<br \/>\n<br \/>T\u00fcrkiye Ok\u00e7uluk Federasyonunun a\u00e7\u0131klamas\u0131na g\u00f6re Antalya 100. Y\u0131l Ok\u00e7uluk Tesisleri\u2019nde iki g\u00fcn s\u00fcren organizasyonda 10 kategoride madalyalar da\u011f\u0131t\u0131ld\u0131. 09-10 Mart 2026 tarihlerinde d\u00fczenlenen yar\u0131\u015fmalarda Denizli\u2019yi temsil eden Abdullah Yorulmaz \u00f6nemli bir ba\u015far\u0131ya imza att\u0131. Para Makaral\u0131 Yay Erkek kategorisinde m\u00fccadele eden ba\u015far\u0131l\u0131 sporcu, rakiplerini geride b\u0131rakarak T\u00fcrkiye \u015eampiyonu oldu. Bireysel kategoride elde etti\u011fi \u015fampiyonlu\u011fun ard\u0131ndan tak\u0131m m\u00fcsabakalar\u0131nda da ba\u015far\u0131s\u0131n\u0131 s\u00fcrd\u00fcren Yorulmaz, Para Makaral\u0131 Yay Kar\u0131\u015f\u0131k Tak\u0131m kategorisinde de birincilik elde ederek \u00e7ifte \u015fampiyonluk ya\u015fad\u0131.<br \/>\n<br \/>Denizli\u2019yi ba\u015far\u0131yla temsil eden milli sporcu Abdullah Yorulmaz\u2019\u0131n elde etti\u011fi bu \u00f6nemli derece, para ok\u00e7uluk bran\u015f\u0131nda ilimizin y\u00fckselen performans\u0131n\u0131 bir kez daha ortaya koydu. Denizli Gen\u00e7lik ve Spor \u0130l M\u00fcd\u00fcr\u00fc S\u00fcleyman Erdo\u011fan, Para Ok\u00e7ulukta alt\u0131n madalya kazanan Abdullah Yorulmaz\u2019\u0131 tebrik ederek, ba\u015far\u0131lar\u0131n\u0131n artarak devam etmesini diledi.<br \/><\/p>\n","protected":false},"excerpt":{"rendered":"<p>18 Mart \u00c7anakkale \u015eehitleri Anma Para Ok\u00e7uluk T\u00fcrkiye Kupas\u0131 (TSP-1) yar\u0131\u015fmas\u0131nda Para Makaral\u0131 Yay Erkek kategorisinde yar\u0131\u015fan Denizlili sporcU Abdullah Yorulmaz T\u00fcrkiye \u015eampiyonu oldu. Tak\u0131mlarda ise Para Makaral\u0131 Yay Kar\u0131\u015f\u0131k Tak\u0131mda yar\u0131\u015fan sporcu T\u00fcrkiye \u015eampiyonu olarak ba\u015far\u0131s\u0131n\u0131 ta\u00e7land\u0131rd\u0131. T\u00fcrkiye Ok\u00e7uluk Federasyonunun a\u00e7\u0131klamas\u0131na g\u00f6re Antalya 100. Y\u0131l Ok\u00e7uluk Tesisleri\u2019nde iki g\u00fcn s\u00fcren organizasyonda 10 kategoride madalyalar&#8230;<\/p>\n","protected":false},"author":1,"featured_media":93916,"comment_status":"open","ping_status":"open","sticky":false,"template":"","format":"standard","meta":{"_crdt_document":"","footnotes":""},"categories":[4],"tags":[],"class_list":["post-93915","post","type-post","status-publish","format-standard","has-post-thumbnail","hentry","category-spor"],"_links":{"self":[{"href":"https:\/\/www.egemtv.com\/index.php?rest_route=\/wp\/v2\/posts\/93915","targetHints":{"allow":["GET"]}}],"collection":[{"href":"https:\/\/www.egemtv.com\/index.php?rest_route=\/wp\/v2\/posts"}],"about":[{"href":"https:\/\/www.egemtv.com\/index.php?rest_route=\/wp\/v2\/types\/post"}],"author":[{"embeddable":true,"href":"https:\/\/www.egemtv.com\/index.php?rest_route=\/wp\/v2\/users\/1"}],"replies":[{"embeddable":true,"href":"https:\/\/www.egemtv.com\/index.php?rest_route=%2Fwp%2Fv2%2Fcomments&post=93915"}],"version-history":[{"count":1,"href":"https:\/\/www.egemtv.com\/index.php?rest_route=\/wp\/v2\/posts\/93915\/revisions"}],"predecessor-version":[{"id":93917,"href":"https:\/\/www.egemtv.com\/index.php?rest_route=\/wp\/v2\/posts\/93915\/revisions\/93917"}],"wp:featuredmedia":[{"embeddable":true,"href":"https:\/\/www.egemtv.com\/index.php?rest_route=\/wp\/v2\/media\/93916"}],"wp:attachment":[{"href":"https:\/\/www.egemtv.com\/index.php?rest_route=%2Fwp%2Fv2%2Fmedia&parent=93915"}],"wp:term":[{"taxonomy":"category","embeddable":true,"href":"https:\/\/www.egemtv.com\/index.php?rest_route=%2Fwp%2Fv2%2Fcategories&post=93915"},{"taxonomy":"post_tag","embeddable":true,"href":"https:\/\/www.egemtv.com\/index.php?rest_route=%2Fwp%2Fv2%2Ftags&post=93915"}],"curies":[{"name":"wp","href":"https:\/\/api.w.org\/{rel}","templated":true}]}}