{"id":93912,"date":"2026-03-13T13:35:29","date_gmt":"2026-03-13T10:35:29","guid":{"rendered":"https:\/\/www.egemtv.com\/?p=93912"},"modified":"2026-03-13T13:35:30","modified_gmt":"2026-03-13T10:35:30","slug":"babadag-belediyesi-cevre-duzenleme-calismalarini-suruyor","status":"publish","type":"post","link":"https:\/\/www.egemtv.com\/?p=93912","title":{"rendered":"Babada\u011f Belediyesi \u00e7evre d\u00fczenleme \u00e7al\u0131\u015fmalar\u0131n\u0131 s\u00fcr\u00fcyor"},"content":{"rendered":"<p>Babada\u011f Belediyesi, \u0130ncilip\u0131nar Mahallesi\u2019nde \u00e7evre d\u00fczenleme \u00e7al\u0131\u015fmalar\u0131 kapsam\u0131nda beton zemin uygulamas\u0131na devam ediyor. Belediye Ba\u015fkan\u0131 Murat Kumral \u00e7al\u0131\u015fmalar\u0131 yerinde inceledi.<br \/>\n<br \/>Babada\u011f Belediyesi taraf\u0131ndan \u0130ncilip\u0131nar Mahallesi\u2019nde y\u00fcr\u00fct\u00fclen \u00e7evre d\u00fczenleme \u00e7al\u0131\u015fmalar\u0131 kapsam\u0131nda beton zemin uygulamas\u0131 devam ediyor. Daha \u00f6nce b\u00f6lgede ger\u00e7ekle\u015ftirilen istinat duvar\u0131 \u00e7al\u0131\u015fmas\u0131n\u0131n ard\u0131ndan alan\u0131n daha d\u00fczenli ve kullan\u0131\u015fl\u0131 hale getirilmesi amac\u0131yla \u00e7al\u0131\u015fmalar\u0131n s\u00fcrd\u00fcr\u00fcld\u00fc\u011f\u00fc belirtildi. Yap\u0131lan d\u00fczenlemelerle birlikte mahallede hem g\u00fcvenli hem de daha d\u00fczenli bir ya\u015fam alan\u0131 olu\u015fturulmas\u0131 hedefleniyor.<br \/>\n<br \/>Babada\u011f Belediye Ba\u015fkan\u0131 Murat Kumral da \u0130ncilip\u0131nar Mahallesi Muhtar\u0131 U\u011fur Kuru ve Fen \u0130\u015fleri Birimi ile birlikte \u00e7al\u0131\u015fmalar\u0131 yerinde inceleyerek ekiplerden bilgi ald\u0131.<br \/>\n<br \/>Belediye Ba\u015fkan\u0131 Murat Kumral , mahallelerin ihtiya\u00e7lar\u0131na cevap veren, daha g\u00fcvenli ve d\u00fczenli ya\u015fam alanlar\u0131 olu\u015fturmak amac\u0131yla \u00e7al\u0131\u015fmalar\u0131n aral\u0131ks\u0131z devam edece\u011fini ifade etti.<br \/><\/p>\n","protected":false},"excerpt":{"rendered":"<p>Babada\u011f Belediyesi, \u0130ncilip\u0131nar Mahallesi\u2019nde \u00e7evre d\u00fczenleme \u00e7al\u0131\u015fmalar\u0131 kapsam\u0131nda beton zemin uygulamas\u0131na devam ediyor. Belediye Ba\u015fkan\u0131 Murat Kumral \u00e7al\u0131\u015fmalar\u0131 yerinde inceledi. Babada\u011f Belediyesi taraf\u0131ndan \u0130ncilip\u0131nar Mahallesi\u2019nde y\u00fcr\u00fct\u00fclen \u00e7evre d\u00fczenleme \u00e7al\u0131\u015fmalar\u0131 kapsam\u0131nda beton zemin uygulamas\u0131 devam ediyor. Daha \u00f6nce b\u00f6lgede ger\u00e7ekle\u015ftirilen istinat duvar\u0131 \u00e7al\u0131\u015fmas\u0131n\u0131n ard\u0131ndan alan\u0131n daha d\u00fczenli ve kullan\u0131\u015fl\u0131 hale getirilmesi amac\u0131yla \u00e7al\u0131\u015fmalar\u0131n s\u00fcrd\u00fcr\u00fcld\u00fc\u011f\u00fc belirtildi. Yap\u0131lan&#8230;<\/p>\n","protected":false},"author":1,"featured_media":93913,"comment_status":"open","ping_status":"open","sticky":false,"template":"","format":"standard","meta":{"_crdt_document":"","footnotes":""},"categories":[1],"tags":[],"class_list":["post-93912","post","type-post","status-publish","format-standard","has-post-thumbnail","hentry","category-guncel"],"_links":{"self":[{"href":"https:\/\/www.egemtv.com\/index.php?rest_route=\/wp\/v2\/posts\/93912","targetHints":{"allow":["GET"]}}],"collection":[{"href":"https:\/\/www.egemtv.com\/index.php?rest_route=\/wp\/v2\/posts"}],"about":[{"href":"https:\/\/www.egemtv.com\/index.php?rest_route=\/wp\/v2\/types\/post"}],"author":[{"embeddable":true,"href":"https:\/\/www.egemtv.com\/index.php?rest_route=\/wp\/v2\/users\/1"}],"replies":[{"embeddable":true,"href":"https:\/\/www.egemtv.com\/index.php?rest_route=%2Fwp%2Fv2%2Fcomments&post=93912"}],"version-history":[{"count":1,"href":"https:\/\/www.egemtv.com\/index.php?rest_route=\/wp\/v2\/posts\/93912\/revisions"}],"predecessor-version":[{"id":93914,"href":"https:\/\/www.egemtv.com\/index.php?rest_route=\/wp\/v2\/posts\/93912\/revisions\/93914"}],"wp:featuredmedia":[{"embeddable":true,"href":"https:\/\/www.egemtv.com\/index.php?rest_route=\/wp\/v2\/media\/93913"}],"wp:attachment":[{"href":"https:\/\/www.egemtv.com\/index.php?rest_route=%2Fwp%2Fv2%2Fmedia&parent=93912"}],"wp:term":[{"taxonomy":"category","embeddable":true,"href":"https:\/\/www.egemtv.com\/index.php?rest_route=%2Fwp%2Fv2%2Fcategories&post=93912"},{"taxonomy":"post_tag","embeddable":true,"href":"https:\/\/www.egemtv.com\/index.php?rest_route=%2Fwp%2Fv2%2Ftags&post=93912"}],"curies":[{"name":"wp","href":"https:\/\/api.w.org\/{rel}","templated":true}]}}