{"id":93891,"date":"2026-03-13T12:14:57","date_gmt":"2026-03-13T09:14:57","guid":{"rendered":"https:\/\/www.egemtv.com\/?p=93891"},"modified":"2026-03-13T12:14:58","modified_gmt":"2026-03-13T09:14:58","slug":"dpude-ramazan-yarismalarinda-dereceye-girenler-odullerini-aldi","status":"publish","type":"post","link":"https:\/\/www.egemtv.com\/?p=93891","title":{"rendered":"DP\u00dc\u2019de Ramazan yar\u0131\u015fmalar\u0131nda dereceye girenler \u00f6d\u00fcllerini ald\u0131"},"content":{"rendered":"<p>K\u00fctahya Dumlup\u0131nar \u00dcniversitesinde (DP\u00dc) Ramazan ay\u0131n\u0131n ba\u015f\u0131ndan bu yana s\u00fcrd\u00fcr\u00fclen etkinlikler \u00e7er\u00e7evesinde 4 ayr\u0131 kategoride d\u00fczenlenen yar\u0131\u015fmalarda dereceye girenler ger\u00e7ekle\u015ftirilen t\u00f6renle \u00f6d\u00fcllerine kavu\u015ftu.<br \/>\n<br \/>Bedesten\u2019de yap\u0131lan programa K\u00fctahya Valisi Musa I\u015f\u0131n, DP\u00dc Rekt\u00f6r\u00fc Prof. Dr. S\u00fcleyman K\u0131z\u0131ltoprak, Rekt\u00f6r Yard\u0131mc\u0131s\u0131 Prof. Dr. \u0130smail Yal\u00e7\u0131n, \u0130l K\u00fclt\u00fcr ve Turizm M\u00fcd\u00fcr\u00fc Zekeriya \u00dcnal, il protokol\u00fc, sivil toplum kurulu\u015fu temsilcileri, \u00f6\u011frenciler ve davetliler kat\u0131ld\u0131. T\u00f6rende ilk olarak Kur\u2019an-\u0131 Kerim\u2019i G\u00fczel Okuma Yar\u0131\u015fmas\u0131\u2019nda dereceye giren B\u00fcnyamin Dartan, Berat Durgun ve \u0130brahim Samet Arpac\u0131\u2019ya \u00f6d\u00fclleri verildi. Ard\u0131ndan Reels Yar\u0131\u015fmas\u0131\u2019nda ba\u015far\u0131 sa\u011flayan \u00f6\u011frenciler Muhammet Hazar Emino\u011flu, Burhan Ak\u0131nc\u0131t\u00fcrk ve Sinem \u015eakire D\u00fczg\u00fcn ile \u015eehrin Kandilleri Foto\u011fraf Yar\u0131\u015fmas\u0131\u2019nda derece elde eden Zeynep \u00d6ngel, Miray Acar ve Furkan Efe Kocaba\u015f \u00f6d\u00fcllerini ald\u0131.<br \/>\n<br \/>Gastronomi ve Mutfak Sanatlar\u0131 B\u00f6l\u00fcm\u00fc \u00f6\u011fretim \u00fcyeleri ile Rekt\u00f6r S\u00fcleyman K\u0131z\u0131ltoprak\u2019\u0131n se\u00e7ici kurulda yer ald\u0131\u011f\u0131 F\u00fczyon Mutfak yar\u0131\u015fmas\u0131nda ise \u00f6\u011frencilerden Fadime Zehra \u00d6zdemir birinci, Abd\u00fclmecid Aziz ikinci ve Muhammet Furkan Varkan \u00fc\u00e7\u00fcnc\u00fc oldu. Ayr\u0131ca yar\u0131\u015fmada Filistin ve Endonezya mutfaklar\u0131ndan \u00f6rnekler sunan tabaklar da mansiyon \u00f6d\u00fcl\u00fcne de\u011fer g\u00f6r\u00fcld\u00fc.<br \/>\n<br \/>Yar\u0131\u015fmalarda ilk s\u0131ray\u0131 alan \u00f6\u011frencilere 10 bin, ikincilere 7 bin ve \u00fc\u00e7\u00fcnc\u00fclere 5 bin TL tutar\u0131nda hediye \u00e7ekleri sunuldu.<br \/>\n<br \/>T\u00f6rende ayr\u0131ca Ramazan etkinlikleri kapsam\u0131ndaki yar\u0131\u015fmalara destek veren sponsor ki\u015fi ve kurum temsilcilerine plaket takdim edildi.<br \/><\/p>\n","protected":false},"excerpt":{"rendered":"<p>K\u00fctahya Dumlup\u0131nar \u00dcniversitesinde (DP\u00dc) Ramazan ay\u0131n\u0131n ba\u015f\u0131ndan bu yana s\u00fcrd\u00fcr\u00fclen etkinlikler \u00e7er\u00e7evesinde 4 ayr\u0131 kategoride d\u00fczenlenen yar\u0131\u015fmalarda dereceye girenler ger\u00e7ekle\u015ftirilen t\u00f6renle \u00f6d\u00fcllerine kavu\u015ftu. Bedesten\u2019de yap\u0131lan programa K\u00fctahya Valisi Musa I\u015f\u0131n, DP\u00dc Rekt\u00f6r\u00fc Prof. Dr. S\u00fcleyman K\u0131z\u0131ltoprak, Rekt\u00f6r Yard\u0131mc\u0131s\u0131 Prof. Dr. \u0130smail Yal\u00e7\u0131n, \u0130l K\u00fclt\u00fcr ve Turizm M\u00fcd\u00fcr\u00fc Zekeriya \u00dcnal, il protokol\u00fc, sivil toplum kurulu\u015fu temsilcileri,&#8230;<\/p>\n","protected":false},"author":1,"featured_media":93892,"comment_status":"open","ping_status":"open","sticky":false,"template":"","format":"standard","meta":{"_crdt_document":"","footnotes":""},"categories":[1],"tags":[],"class_list":["post-93891","post","type-post","status-publish","format-standard","has-post-thumbnail","hentry","category-guncel"],"_links":{"self":[{"href":"https:\/\/www.egemtv.com\/index.php?rest_route=\/wp\/v2\/posts\/93891","targetHints":{"allow":["GET"]}}],"collection":[{"href":"https:\/\/www.egemtv.com\/index.php?rest_route=\/wp\/v2\/posts"}],"about":[{"href":"https:\/\/www.egemtv.com\/index.php?rest_route=\/wp\/v2\/types\/post"}],"author":[{"embeddable":true,"href":"https:\/\/www.egemtv.com\/index.php?rest_route=\/wp\/v2\/users\/1"}],"replies":[{"embeddable":true,"href":"https:\/\/www.egemtv.com\/index.php?rest_route=%2Fwp%2Fv2%2Fcomments&post=93891"}],"version-history":[{"count":1,"href":"https:\/\/www.egemtv.com\/index.php?rest_route=\/wp\/v2\/posts\/93891\/revisions"}],"predecessor-version":[{"id":93893,"href":"https:\/\/www.egemtv.com\/index.php?rest_route=\/wp\/v2\/posts\/93891\/revisions\/93893"}],"wp:featuredmedia":[{"embeddable":true,"href":"https:\/\/www.egemtv.com\/index.php?rest_route=\/wp\/v2\/media\/93892"}],"wp:attachment":[{"href":"https:\/\/www.egemtv.com\/index.php?rest_route=%2Fwp%2Fv2%2Fmedia&parent=93891"}],"wp:term":[{"taxonomy":"category","embeddable":true,"href":"https:\/\/www.egemtv.com\/index.php?rest_route=%2Fwp%2Fv2%2Fcategories&post=93891"},{"taxonomy":"post_tag","embeddable":true,"href":"https:\/\/www.egemtv.com\/index.php?rest_route=%2Fwp%2Fv2%2Ftags&post=93891"}],"curies":[{"name":"wp","href":"https:\/\/api.w.org\/{rel}","templated":true}]}}