{"id":93888,"date":"2026-03-13T12:14:56","date_gmt":"2026-03-13T09:14:56","guid":{"rendered":"https:\/\/www.egemtv.com\/?p=93888"},"modified":"2026-03-13T12:14:57","modified_gmt":"2026-03-13T09:14:57","slug":"yenipazar-belediyesi-calismalarini-surduruyor","status":"publish","type":"post","link":"https:\/\/www.egemtv.com\/?p=93888","title":{"rendered":"Yenipazar Belediyesi \u00e7al\u0131\u015fmalar\u0131n\u0131 s\u00fcrd\u00fcr\u00fcyor"},"content":{"rendered":"<p>Yenipazar Belediyesi il\u00e7edeki t\u00fcm mahallelerde e\u015fzamanl\u0131 \u00e7al\u0131\u015fmalar\u0131na devam ediyor. Belediye Ba\u015fkan\u0131 Malik Ercan, &#8220;Ekiplerimizle birlikte Yenipazar\u2019\u0131m\u0131z\u0131n b\u00fct\u00fcn mahallelerine hizmet yapmay\u0131 s\u00fcrd\u00fcr\u00fcyoruz&#8221; dedi.<\/p>\n<p>G\u00f6reve geldi\u011fi g\u00fcnden bu yana il\u00e7ede yapt\u0131\u011f\u0131 hizmetlerle vatanda\u015f\u0131n g\u00fcvenini kazanan Yenipazar Belediye Ba\u015fkan\u0131 Malik Ercan, mahallelerde g\u00f6rd\u00fc\u011f\u00fc sorunlar\u0131 \u00e7\u00f6z\u00fcme kavu\u015fturuyor. Yenipazar\u2019\u0131n 10 farkl\u0131 mahallesinde hizmet yapan Ba\u015fkan Ercan, &#8220;Yenipazar\u2019\u0131m\u0131z i\u00e7in \u00e7al\u0131\u015fmaya devam ediyoruz. Ekiplerimizle birlikte il\u00e7emizin farkl\u0131 mahallelerinde \u00e7e\u015fitli i\u015fler yap\u0131yoruz. Ya\u011f\u0131\u015flardan zarar g\u00f6ren yollar\u0131n d\u00fczeltilmesi, yeni yollar\u0131n a\u00e7\u0131lmas\u0131, parke ta\u015flar\u0131n\u0131n d\u00f6\u015fenmesi, temizlik \u00e7al\u0131\u015fmalar\u0131m\u0131z ve mezarl\u0131k \u00e7al\u0131\u015fmalar\u0131m\u0131z gibi \u00e7e\u015fitli hizmetler yap\u0131yoruz. Yenipazarl\u0131 vatanda\u015flar\u0131m\u0131z i\u00e7in durmadan \u00e7al\u0131\u015fmaya devam edece\u011fiz. Bizlerin her daim yan\u0131nda duran, \u00e7al\u0131\u015fmalar\u0131m\u0131zda bizlere g\u00fc\u00e7 veren Topuklu Efemiz, Ayd\u0131n B\u00fcy\u00fck\u015fehir Belediye Ba\u015fkan\u0131m\u0131z \u00d6zlem \u00c7er\u00e7io\u011flu\u2019na \u00e7ok te\u015fekk\u00fcr ederim&#8221; ifadelerini kulland\u0131.<br \/><\/p>\n","protected":false},"excerpt":{"rendered":"<p>Yenipazar Belediyesi il\u00e7edeki t\u00fcm mahallelerde e\u015fzamanl\u0131 \u00e7al\u0131\u015fmalar\u0131na devam ediyor. Belediye Ba\u015fkan\u0131 Malik Ercan, &#8220;Ekiplerimizle birlikte Yenipazar\u2019\u0131m\u0131z\u0131n b\u00fct\u00fcn mahallelerine hizmet yapmay\u0131 s\u00fcrd\u00fcr\u00fcyoruz&#8221; dedi. G\u00f6reve geldi\u011fi g\u00fcnden bu yana il\u00e7ede yapt\u0131\u011f\u0131 hizmetlerle vatanda\u015f\u0131n g\u00fcvenini kazanan Yenipazar Belediye Ba\u015fkan\u0131 Malik Ercan, mahallelerde g\u00f6rd\u00fc\u011f\u00fc sorunlar\u0131 \u00e7\u00f6z\u00fcme kavu\u015fturuyor. Yenipazar\u2019\u0131n 10 farkl\u0131 mahallesinde hizmet yapan Ba\u015fkan Ercan, &#8220;Yenipazar\u2019\u0131m\u0131z i\u00e7in \u00e7al\u0131\u015fmaya devam&#8230;<\/p>\n","protected":false},"author":1,"featured_media":93889,"comment_status":"open","ping_status":"open","sticky":false,"template":"","format":"standard","meta":{"_crdt_document":"","footnotes":""},"categories":[1],"tags":[],"class_list":["post-93888","post","type-post","status-publish","format-standard","has-post-thumbnail","hentry","category-guncel"],"_links":{"self":[{"href":"https:\/\/www.egemtv.com\/index.php?rest_route=\/wp\/v2\/posts\/93888","targetHints":{"allow":["GET"]}}],"collection":[{"href":"https:\/\/www.egemtv.com\/index.php?rest_route=\/wp\/v2\/posts"}],"about":[{"href":"https:\/\/www.egemtv.com\/index.php?rest_route=\/wp\/v2\/types\/post"}],"author":[{"embeddable":true,"href":"https:\/\/www.egemtv.com\/index.php?rest_route=\/wp\/v2\/users\/1"}],"replies":[{"embeddable":true,"href":"https:\/\/www.egemtv.com\/index.php?rest_route=%2Fwp%2Fv2%2Fcomments&post=93888"}],"version-history":[{"count":1,"href":"https:\/\/www.egemtv.com\/index.php?rest_route=\/wp\/v2\/posts\/93888\/revisions"}],"predecessor-version":[{"id":93890,"href":"https:\/\/www.egemtv.com\/index.php?rest_route=\/wp\/v2\/posts\/93888\/revisions\/93890"}],"wp:featuredmedia":[{"embeddable":true,"href":"https:\/\/www.egemtv.com\/index.php?rest_route=\/wp\/v2\/media\/93889"}],"wp:attachment":[{"href":"https:\/\/www.egemtv.com\/index.php?rest_route=%2Fwp%2Fv2%2Fmedia&parent=93888"}],"wp:term":[{"taxonomy":"category","embeddable":true,"href":"https:\/\/www.egemtv.com\/index.php?rest_route=%2Fwp%2Fv2%2Fcategories&post=93888"},{"taxonomy":"post_tag","embeddable":true,"href":"https:\/\/www.egemtv.com\/index.php?rest_route=%2Fwp%2Fv2%2Ftags&post=93888"}],"curies":[{"name":"wp","href":"https:\/\/api.w.org\/{rel}","templated":true}]}}