{"id":93882,"date":"2026-03-13T11:54:53","date_gmt":"2026-03-13T08:54:53","guid":{"rendered":"https:\/\/www.egemtv.com\/?p=93882"},"modified":"2026-03-13T11:54:54","modified_gmt":"2026-03-13T08:54:54","slug":"dpude-misafirperver-bir-devlet-baslikli-konferans-ve-sergi","status":"publish","type":"post","link":"https:\/\/www.egemtv.com\/?p=93882","title":{"rendered":"DP\u00dc\u2019de &#8220;Misafirperver Bir Devlet&#8221; ba\u015fl\u0131kl\u0131 konferans ve sergi"},"content":{"rendered":"<p>K\u00fctahya Dumlup\u0131nar \u00dcniversitesi (DP\u00dc) ev sahipli\u011finde, Sz\u00e9chenyi \u00d6d\u00fcll\u00fc tarih\u00e7i Prof. Dr. Robert Hermann\u2019\u0131n konu\u015fmac\u0131 olarak kat\u0131ld\u0131\u011f\u0131 &#8220;Misafirperver Bir Devlet&#8221; ba\u015fl\u0131kl\u0131 konferans ger\u00e7ekle\u015ftirildi.<br \/>\n<br \/>Rekt\u00f6rl\u00fck K\u0131rm\u0131z\u0131 Salon\u2019da d\u00fczenlenen programa DP\u00dc Rekt\u00f6r\u00fc Prof. Dr. S\u00fcleyman K\u0131z\u0131ltoprak, \u0130stanbul Macar K\u00fclt\u00fcr Merkezi M\u00fcd\u00fcr\u00fc Aron Sipos, Macaristan Fahri Konsolosu \u0130smet G\u00fcral, dekanlar, akademik personel, \u00f6\u011frenciler ve davetliler kat\u0131ld\u0131.<br \/>\n<br \/>A\u00e7\u0131l\u0131\u015f konu\u015fmas\u0131n\u0131 yapan Rekt\u00f6r Prof. Dr. S\u00fcleyman K\u0131z\u0131ltoprak, Macarlar\u0131n Osmanl\u0131 Devleti ile olan tarih\u00ee ili\u015fkilerine de\u011finerek, Osmanl\u0131 y\u00f6netiminde g\u00f6rev yapan \u00f6nemli isimler aras\u0131nda Macar k\u00f6kenli devlet adamlar\u0131n\u0131n da bulundu\u011funu ifade etti. K\u0131z\u0131ltoprak, d\u00fczenlenen etkinli\u011fin iki \u00fclke aras\u0131nda y\u00fczy\u0131llard\u0131r s\u00fcren dostlu\u011fa katk\u0131 sa\u011flamas\u0131n\u0131 temenni etti.<br \/>\n<br \/>Konferansta konu\u015fan Sz\u00e9chenyi \u00d6d\u00fcll\u00fc tarih\u00e7i Robert Hermann, Lajos Kossuth\u2019un Osmanl\u0131 Devleti\u2019ne s\u0131\u011f\u0131nd\u0131\u011f\u0131 Abd\u00fclmecid I d\u00f6nemi ba\u015fta olmak \u00fczere T\u00fcrk-Macar ili\u015fkileri \u00fczerine sunum yapt\u0131.<br \/>\n<br \/>Program sonunda Prof. Dr. S\u00fcleyman K\u0131z\u0131ltoprak ve \u0130smet G\u00fcral taraf\u0131ndan Prof. Dr. Hermann\u2019a hediye takdim edildi.<br \/>\n<br \/>Konferans\u0131n sonunda Rekt\u00f6rl\u00fck Fuaye Alan\u0131\u2019nda, Macar m\u00fcltecilerin Osmanl\u0131 Devleti\u2019ndeki ya\u015fam\u0131n\u0131 konu alan &#8220;Misafirperver Bir Devlet&#8221; ba\u015fl\u0131kl\u0131 serginin a\u00e7\u0131l\u0131\u015f\u0131 ger\u00e7ekle\u015ftirildi.<br \/><\/p>\n","protected":false},"excerpt":{"rendered":"<p>K\u00fctahya Dumlup\u0131nar \u00dcniversitesi (DP\u00dc) ev sahipli\u011finde, Sz\u00e9chenyi \u00d6d\u00fcll\u00fc tarih\u00e7i Prof. Dr. Robert Hermann\u2019\u0131n konu\u015fmac\u0131 olarak kat\u0131ld\u0131\u011f\u0131 &#8220;Misafirperver Bir Devlet&#8221; ba\u015fl\u0131kl\u0131 konferans ger\u00e7ekle\u015ftirildi. Rekt\u00f6rl\u00fck K\u0131rm\u0131z\u0131 Salon\u2019da d\u00fczenlenen programa DP\u00dc Rekt\u00f6r\u00fc Prof. Dr. S\u00fcleyman K\u0131z\u0131ltoprak, \u0130stanbul Macar K\u00fclt\u00fcr Merkezi M\u00fcd\u00fcr\u00fc Aron Sipos, Macaristan Fahri Konsolosu \u0130smet G\u00fcral, dekanlar, akademik personel, \u00f6\u011frenciler ve davetliler kat\u0131ld\u0131. A\u00e7\u0131l\u0131\u015f konu\u015fmas\u0131n\u0131 yapan&#8230;<\/p>\n","protected":false},"author":1,"featured_media":93883,"comment_status":"open","ping_status":"open","sticky":false,"template":"","format":"standard","meta":{"_crdt_document":"","footnotes":""},"categories":[1],"tags":[],"class_list":["post-93882","post","type-post","status-publish","format-standard","has-post-thumbnail","hentry","category-guncel"],"_links":{"self":[{"href":"https:\/\/www.egemtv.com\/index.php?rest_route=\/wp\/v2\/posts\/93882","targetHints":{"allow":["GET"]}}],"collection":[{"href":"https:\/\/www.egemtv.com\/index.php?rest_route=\/wp\/v2\/posts"}],"about":[{"href":"https:\/\/www.egemtv.com\/index.php?rest_route=\/wp\/v2\/types\/post"}],"author":[{"embeddable":true,"href":"https:\/\/www.egemtv.com\/index.php?rest_route=\/wp\/v2\/users\/1"}],"replies":[{"embeddable":true,"href":"https:\/\/www.egemtv.com\/index.php?rest_route=%2Fwp%2Fv2%2Fcomments&post=93882"}],"version-history":[{"count":1,"href":"https:\/\/www.egemtv.com\/index.php?rest_route=\/wp\/v2\/posts\/93882\/revisions"}],"predecessor-version":[{"id":93884,"href":"https:\/\/www.egemtv.com\/index.php?rest_route=\/wp\/v2\/posts\/93882\/revisions\/93884"}],"wp:featuredmedia":[{"embeddable":true,"href":"https:\/\/www.egemtv.com\/index.php?rest_route=\/wp\/v2\/media\/93883"}],"wp:attachment":[{"href":"https:\/\/www.egemtv.com\/index.php?rest_route=%2Fwp%2Fv2%2Fmedia&parent=93882"}],"wp:term":[{"taxonomy":"category","embeddable":true,"href":"https:\/\/www.egemtv.com\/index.php?rest_route=%2Fwp%2Fv2%2Fcategories&post=93882"},{"taxonomy":"post_tag","embeddable":true,"href":"https:\/\/www.egemtv.com\/index.php?rest_route=%2Fwp%2Fv2%2Ftags&post=93882"}],"curies":[{"name":"wp","href":"https:\/\/api.w.org\/{rel}","templated":true}]}}