{"id":93876,"date":"2026-03-13T11:34:56","date_gmt":"2026-03-13T08:34:56","guid":{"rendered":"https:\/\/www.egemtv.com\/?p=93876"},"modified":"2026-03-13T11:34:57","modified_gmt":"2026-03-13T08:34:57","slug":"kutahyada-jandarmadan-ogrencilere-trafik-egitimi","status":"publish","type":"post","link":"https:\/\/www.egemtv.com\/?p=93876","title":{"rendered":"K\u00fctahya\u2019da jandarmadan \u00f6\u011frencilere trafik e\u011fitimi"},"content":{"rendered":"<p>K\u00fctahya\u2019da Trafik Jandarmas\u0131 Timleri taraf\u0131ndan \u00f6\u011frencilere y\u00f6nelik trafik e\u011fitimi d\u00fczenlendi.<br \/>\n<br \/>K\u00fctahya \u0130l Jandarma Komutanl\u0131\u011f\u0131na ba\u011fl\u0131 Merkez \u0130l\u00e7e Jandarma Komutanl\u0131\u011f\u0131 Trafik Jandarmas\u0131 Timleri taraf\u0131ndan Merkez Seyit\u00f6mer \u0130lk ve Ortaokulunda ger\u00e7ekle\u015ftirilen e\u011fitim program\u0131nda \u00f6\u011frencilere trafik g\u00fcvenli\u011fi konusunda bilgiler verildi.<br \/>\n<br \/>E\u011fitim kapsam\u0131nda \u00f6\u011frencilere genel trafik kurallar\u0131, trafik i\u015faret ve levhalar\u0131, yaya ge\u00e7idi ve okul ge\u00e7idi kullan\u0131m\u0131, yayalar\u0131n uymas\u0131 gereken kurallar, g\u00fcvenli \u015fekilde kar\u015f\u0131dan kar\u015f\u0131ya ge\u00e7i\u015f, emniyet kemeri kullan\u0131m\u0131n\u0131n \u00f6nemi, bisiklet kullan\u0131rken dikkat edilmesi gereken hususlar ve kask takman\u0131n hayati \u00f6nemi anlat\u0131ld\u0131.<br \/>\n<br \/>Yetkililer, \u00e7ocuklar\u0131n k\u00fc\u00e7\u00fck ya\u015fta trafik bilinci kazanmas\u0131n\u0131n kazalar\u0131n \u00f6nlenmesinde b\u00fcy\u00fck \u00f6nem ta\u015f\u0131d\u0131\u011f\u0131n\u0131 belirterek, benzer e\u011fitim faaliyetlerinin devam edece\u011fini ifade etti.<br \/><\/p>\n","protected":false},"excerpt":{"rendered":"<p>K\u00fctahya\u2019da Trafik Jandarmas\u0131 Timleri taraf\u0131ndan \u00f6\u011frencilere y\u00f6nelik trafik e\u011fitimi d\u00fczenlendi. K\u00fctahya \u0130l Jandarma Komutanl\u0131\u011f\u0131na ba\u011fl\u0131 Merkez \u0130l\u00e7e Jandarma Komutanl\u0131\u011f\u0131 Trafik Jandarmas\u0131 Timleri taraf\u0131ndan Merkez Seyit\u00f6mer \u0130lk ve Ortaokulunda ger\u00e7ekle\u015ftirilen e\u011fitim program\u0131nda \u00f6\u011frencilere trafik g\u00fcvenli\u011fi konusunda bilgiler verildi. E\u011fitim kapsam\u0131nda \u00f6\u011frencilere genel trafik kurallar\u0131, trafik i\u015faret ve levhalar\u0131, yaya ge\u00e7idi ve okul ge\u00e7idi kullan\u0131m\u0131, yayalar\u0131n uymas\u0131&#8230;<\/p>\n","protected":false},"author":1,"featured_media":93877,"comment_status":"open","ping_status":"open","sticky":false,"template":"","format":"standard","meta":{"_crdt_document":"","footnotes":""},"categories":[1],"tags":[],"class_list":["post-93876","post","type-post","status-publish","format-standard","has-post-thumbnail","hentry","category-guncel"],"_links":{"self":[{"href":"https:\/\/www.egemtv.com\/index.php?rest_route=\/wp\/v2\/posts\/93876","targetHints":{"allow":["GET"]}}],"collection":[{"href":"https:\/\/www.egemtv.com\/index.php?rest_route=\/wp\/v2\/posts"}],"about":[{"href":"https:\/\/www.egemtv.com\/index.php?rest_route=\/wp\/v2\/types\/post"}],"author":[{"embeddable":true,"href":"https:\/\/www.egemtv.com\/index.php?rest_route=\/wp\/v2\/users\/1"}],"replies":[{"embeddable":true,"href":"https:\/\/www.egemtv.com\/index.php?rest_route=%2Fwp%2Fv2%2Fcomments&post=93876"}],"version-history":[{"count":1,"href":"https:\/\/www.egemtv.com\/index.php?rest_route=\/wp\/v2\/posts\/93876\/revisions"}],"predecessor-version":[{"id":93878,"href":"https:\/\/www.egemtv.com\/index.php?rest_route=\/wp\/v2\/posts\/93876\/revisions\/93878"}],"wp:featuredmedia":[{"embeddable":true,"href":"https:\/\/www.egemtv.com\/index.php?rest_route=\/wp\/v2\/media\/93877"}],"wp:attachment":[{"href":"https:\/\/www.egemtv.com\/index.php?rest_route=%2Fwp%2Fv2%2Fmedia&parent=93876"}],"wp:term":[{"taxonomy":"category","embeddable":true,"href":"https:\/\/www.egemtv.com\/index.php?rest_route=%2Fwp%2Fv2%2Fcategories&post=93876"},{"taxonomy":"post_tag","embeddable":true,"href":"https:\/\/www.egemtv.com\/index.php?rest_route=%2Fwp%2Fv2%2Ftags&post=93876"}],"curies":[{"name":"wp","href":"https:\/\/api.w.org\/{rel}","templated":true}]}}