{"id":93873,"date":"2026-03-13T11:34:55","date_gmt":"2026-03-13T08:34:55","guid":{"rendered":"https:\/\/www.egemtv.com\/?p=93873"},"modified":"2026-03-13T11:34:56","modified_gmt":"2026-03-13T08:34:56","slug":"cavdarhisarda-ciftcilere-corek-otu-tohumu-dagitimi","status":"publish","type":"post","link":"https:\/\/www.egemtv.com\/?p=93873","title":{"rendered":"\u00c7avdarhisar\u2019da \u00e7ift\u00e7ilere \u00e7\u00f6rek otu tohumu da\u011f\u0131t\u0131m\u0131"},"content":{"rendered":"<p>K\u00fctahya\u2019n\u0131n \u00c7avdarhisar il\u00e7esinde \u00e7ift\u00e7ilere y\u00f6nelik \u00e7\u00f6rek otu tohumu da\u011f\u0131t\u0131m\u0131 ger\u00e7ekle\u015ftirildi.<br \/>\n<br \/>\u00c7avdarhisar \u0130l\u00e7e Tar\u0131m ve Orman M\u00fcd\u00fcrl\u00fc\u011f\u00fc taraf\u0131ndan, &#8220;Alternatif \u00dcr\u00fcnlerin \u00dcretimini Geli\u015ftirme&#8221; projesi kapsam\u0131nda il\u00e7edeki \u00fcreticilere \u00e7\u00f6rek otu tohumu deste\u011fi sa\u011fland\u0131. Proje \u00e7er\u00e7evesinde bin 850 dekarl\u0131k alan\u0131n ekimi i\u00e7in toplam 2 bin 775 kilogram \u00e7\u00f6rek otu tohumu \u00e7ift\u00e7ilere da\u011f\u0131t\u0131ld\u0131.<br \/>\n<br \/>D\u00fczenlenen programa, Kaymakam Murat Ak, Belediye Ba\u015fkan\u0131 Halil \u0130brahim Topba\u015f ve \u0130l Genel Meclis \u00dcyesi Halil G\u00fcnay kat\u0131ld\u0131.<br \/>\n<br \/>Yetkililer, alternatif \u00fcr\u00fcnlerin yayg\u0131nla\u015ft\u0131r\u0131lmas\u0131yla birlikte il\u00e7ede tar\u0131msal \u00e7e\u015fitlili\u011fin art\u0131r\u0131lmas\u0131n\u0131n ve \u00e7ift\u00e7ilerin gelir kaynaklar\u0131n\u0131n geli\u015ftirilmesinin hedeflendi\u011fini ifade etti.<br \/><\/p>\n","protected":false},"excerpt":{"rendered":"<p>K\u00fctahya\u2019n\u0131n \u00c7avdarhisar il\u00e7esinde \u00e7ift\u00e7ilere y\u00f6nelik \u00e7\u00f6rek otu tohumu da\u011f\u0131t\u0131m\u0131 ger\u00e7ekle\u015ftirildi. \u00c7avdarhisar \u0130l\u00e7e Tar\u0131m ve Orman M\u00fcd\u00fcrl\u00fc\u011f\u00fc taraf\u0131ndan, &#8220;Alternatif \u00dcr\u00fcnlerin \u00dcretimini Geli\u015ftirme&#8221; projesi kapsam\u0131nda il\u00e7edeki \u00fcreticilere \u00e7\u00f6rek otu tohumu deste\u011fi sa\u011fland\u0131. Proje \u00e7er\u00e7evesinde bin 850 dekarl\u0131k alan\u0131n ekimi i\u00e7in toplam 2 bin 775 kilogram \u00e7\u00f6rek otu tohumu \u00e7ift\u00e7ilere da\u011f\u0131t\u0131ld\u0131. D\u00fczenlenen programa, Kaymakam Murat Ak, Belediye Ba\u015fkan\u0131&#8230;<\/p>\n","protected":false},"author":1,"featured_media":93874,"comment_status":"open","ping_status":"open","sticky":false,"template":"","format":"standard","meta":{"_crdt_document":"","footnotes":""},"categories":[125],"tags":[],"class_list":["post-93873","post","type-post","status-publish","format-standard","has-post-thumbnail","hentry","category-ekonomi"],"_links":{"self":[{"href":"https:\/\/www.egemtv.com\/index.php?rest_route=\/wp\/v2\/posts\/93873","targetHints":{"allow":["GET"]}}],"collection":[{"href":"https:\/\/www.egemtv.com\/index.php?rest_route=\/wp\/v2\/posts"}],"about":[{"href":"https:\/\/www.egemtv.com\/index.php?rest_route=\/wp\/v2\/types\/post"}],"author":[{"embeddable":true,"href":"https:\/\/www.egemtv.com\/index.php?rest_route=\/wp\/v2\/users\/1"}],"replies":[{"embeddable":true,"href":"https:\/\/www.egemtv.com\/index.php?rest_route=%2Fwp%2Fv2%2Fcomments&post=93873"}],"version-history":[{"count":1,"href":"https:\/\/www.egemtv.com\/index.php?rest_route=\/wp\/v2\/posts\/93873\/revisions"}],"predecessor-version":[{"id":93875,"href":"https:\/\/www.egemtv.com\/index.php?rest_route=\/wp\/v2\/posts\/93873\/revisions\/93875"}],"wp:featuredmedia":[{"embeddable":true,"href":"https:\/\/www.egemtv.com\/index.php?rest_route=\/wp\/v2\/media\/93874"}],"wp:attachment":[{"href":"https:\/\/www.egemtv.com\/index.php?rest_route=%2Fwp%2Fv2%2Fmedia&parent=93873"}],"wp:term":[{"taxonomy":"category","embeddable":true,"href":"https:\/\/www.egemtv.com\/index.php?rest_route=%2Fwp%2Fv2%2Fcategories&post=93873"},{"taxonomy":"post_tag","embeddable":true,"href":"https:\/\/www.egemtv.com\/index.php?rest_route=%2Fwp%2Fv2%2Ftags&post=93873"}],"curies":[{"name":"wp","href":"https:\/\/api.w.org\/{rel}","templated":true}]}}