{"id":93870,"date":"2026-03-13T11:34:54","date_gmt":"2026-03-13T08:34:54","guid":{"rendered":"https:\/\/www.egemtv.com\/?p=93870"},"modified":"2026-03-13T11:34:55","modified_gmt":"2026-03-13T08:34:55","slug":"subat-ayinda-muglada-bin-641-konut-satildi","status":"publish","type":"post","link":"https:\/\/www.egemtv.com\/?p=93870","title":{"rendered":"\u015eubat ay\u0131nda Mu\u011fla\u2019da Bin 641 konut sat\u0131ld\u0131"},"content":{"rendered":"<p>T\u00fcrkiye genelinde 2026 y\u0131l\u0131 \u015eubat ay\u0131nda konut sat\u0131\u015flar\u0131n\u0131n b\u00fcy\u00fck b\u00f6l\u00fcm\u00fc ikinci el konutlardan olu\u015ftu. Verilere g\u00f6re \u00fclke genelinde \u015eubat ay\u0131nda 37 bin 785 ilk el, 86 bin 764 ikinci el olmak \u00fczere toplam 124 bin 549 konut sat\u0131\u015f\u0131 ger\u00e7ekle\u015ftirildi.<br \/>\n<br \/>Mu\u011fla\u2019da ise ayn\u0131 d\u00f6nemde toplam 1.641 konut sat\u0131\u015f\u0131 ger\u00e7ekle\u015fti. Bu sat\u0131\u015flar\u0131n 481\u2019i ilk el, 1.160\u2019\u0131 ise ikinci el konutlardan olu\u015ftu.<br \/>\n<br \/>\u00d6te yandan Mu\u011fla\u2019da \u015eubat ay\u0131 i\u00e7erisinde yabanc\u0131 uyruklu vatanda\u015flara 18 konut ve 4 i\u015fyeri sat\u0131\u015f\u0131 yap\u0131ld\u0131\u011f\u0131 bildirildi.<br \/><\/p>\n","protected":false},"excerpt":{"rendered":"<p>T\u00fcrkiye genelinde 2026 y\u0131l\u0131 \u015eubat ay\u0131nda konut sat\u0131\u015flar\u0131n\u0131n b\u00fcy\u00fck b\u00f6l\u00fcm\u00fc ikinci el konutlardan olu\u015ftu. Verilere g\u00f6re \u00fclke genelinde \u015eubat ay\u0131nda 37 bin 785 ilk el, 86 bin 764 ikinci el olmak \u00fczere toplam 124 bin 549 konut sat\u0131\u015f\u0131 ger\u00e7ekle\u015ftirildi. Mu\u011fla\u2019da ise ayn\u0131 d\u00f6nemde toplam 1.641 konut sat\u0131\u015f\u0131 ger\u00e7ekle\u015fti. Bu sat\u0131\u015flar\u0131n 481\u2019i ilk el, 1.160\u2019\u0131 ise&#8230;<\/p>\n","protected":false},"author":1,"featured_media":93871,"comment_status":"open","ping_status":"open","sticky":false,"template":"","format":"standard","meta":{"_crdt_document":"","footnotes":""},"categories":[125],"tags":[],"class_list":["post-93870","post","type-post","status-publish","format-standard","has-post-thumbnail","hentry","category-ekonomi"],"_links":{"self":[{"href":"https:\/\/www.egemtv.com\/index.php?rest_route=\/wp\/v2\/posts\/93870","targetHints":{"allow":["GET"]}}],"collection":[{"href":"https:\/\/www.egemtv.com\/index.php?rest_route=\/wp\/v2\/posts"}],"about":[{"href":"https:\/\/www.egemtv.com\/index.php?rest_route=\/wp\/v2\/types\/post"}],"author":[{"embeddable":true,"href":"https:\/\/www.egemtv.com\/index.php?rest_route=\/wp\/v2\/users\/1"}],"replies":[{"embeddable":true,"href":"https:\/\/www.egemtv.com\/index.php?rest_route=%2Fwp%2Fv2%2Fcomments&post=93870"}],"version-history":[{"count":1,"href":"https:\/\/www.egemtv.com\/index.php?rest_route=\/wp\/v2\/posts\/93870\/revisions"}],"predecessor-version":[{"id":93872,"href":"https:\/\/www.egemtv.com\/index.php?rest_route=\/wp\/v2\/posts\/93870\/revisions\/93872"}],"wp:featuredmedia":[{"embeddable":true,"href":"https:\/\/www.egemtv.com\/index.php?rest_route=\/wp\/v2\/media\/93871"}],"wp:attachment":[{"href":"https:\/\/www.egemtv.com\/index.php?rest_route=%2Fwp%2Fv2%2Fmedia&parent=93870"}],"wp:term":[{"taxonomy":"category","embeddable":true,"href":"https:\/\/www.egemtv.com\/index.php?rest_route=%2Fwp%2Fv2%2Fcategories&post=93870"},{"taxonomy":"post_tag","embeddable":true,"href":"https:\/\/www.egemtv.com\/index.php?rest_route=%2Fwp%2Fv2%2Ftags&post=93870"}],"curies":[{"name":"wp","href":"https:\/\/api.w.org\/{rel}","templated":true}]}}