{"id":93867,"date":"2026-03-13T10:54:59","date_gmt":"2026-03-13T07:54:59","guid":{"rendered":"https:\/\/www.egemtv.com\/?p=93867"},"modified":"2026-03-13T10:55:00","modified_gmt":"2026-03-13T07:55:00","slug":"kutahyada-kaybolan-hayvanlari-jandarma-dronla-buldu","status":"publish","type":"post","link":"https:\/\/www.egemtv.com\/?p=93867","title":{"rendered":"K\u00fctahya\u2019da kaybolan hayvanlar\u0131 jandarma dronla buldu"},"content":{"rendered":"<p>K\u00fctahya\u2019da kaybolan 68 adet k\u00fc\u00e7\u00fckba\u015f hayvan ile 5 adet buza\u011f\u0131, jandarma ekiplerinin dron destekli arama \u00e7al\u0131\u015fmas\u0131 sonucu bulunarak sahiplerine teslim edildi.<br \/>\n<br \/>K\u00fctahya Merkez il\u00e7eye ba\u011fl\u0131 Turgutlar k\u00f6y\u00fcnde ikamet eden H.K., isimli vatanda\u015f, 112 Acil \u00c7a\u011fr\u0131 Merkezini arayarak 68 adet k\u00fc\u00e7\u00fckba\u015f hayvan\u0131n\u0131n kay\u0131p oldu\u011funu bildirdi. \u0130hbar \u00fczerine K\u00fctahya \u0130l Jandarma Komutanl\u0131\u011f\u0131, Merkez \u0130l\u00e7e Merkez Jandarma Karakol Komutanl\u0131\u011f\u0131 ve Jandarma Asayi\u015f Komando Timleri taraf\u0131ndan b\u00f6lgede arama \u00e7al\u0131\u015fmas\u0131 ba\u015flat\u0131ld\u0131.<br \/>\n<br \/>Ekiplerin arazide yapt\u0131\u011f\u0131 tarama ve dron destekli arama faaliyeti sonucunda kay\u0131p hayvanlar, k\u00f6y\u00fcn yakla\u015f\u0131k 2 kilometre kuzeybat\u0131 y\u00f6n\u00fcnde bulunarak sahibine teslim edildi.<br \/>\n<br \/>\u00d6te yandan Tav\u015fanl\u0131 il\u00e7esine ba\u011fl\u0131 \u015eenlik k\u00f6y\u00fcnde R.\u015e. isimli vatanda\u015f da 112 Acil \u00c7a\u011fr\u0131 Merkezine ba\u015fvurarak 5 adet buza\u011f\u0131n\u0131n bah\u00e7edeki \u00e7itlerden atlayarak ka\u00e7t\u0131\u011f\u0131n\u0131 ve kayboldu\u011funu bildirdi.<br \/>\n<br \/>\u0130hbar \u00fczerine K\u00fctahya \u0130l Jandarma Komutanl\u0131\u011f\u0131 ve Tav\u015fanl\u0131 \u0130l\u00e7e Jandarma Komutanl\u0131\u011f\u0131 ekipleri taraf\u0131ndan b\u00f6lgeye 2 asayi\u015f timi, 1 istihbarat unsuru ve 2 dron sevk edildi. K\u00f6yl\u00fc vatanda\u015flar\u0131n da kat\u0131ld\u0131\u011f\u0131 arama \u00e7al\u0131\u015fmalar\u0131 sonucunda kay\u0131p 5 buza\u011f\u0131, \u015eenlik ile E\u011fri\u00f6z k\u00f6yleri aras\u0131ndaki ormanl\u0131k alanda sa\u011fl\u0131kl\u0131 \u015fekilde bulunarak sahibine teslim edildi.<br \/><\/p>\n","protected":false},"excerpt":{"rendered":"<p>K\u00fctahya\u2019da kaybolan 68 adet k\u00fc\u00e7\u00fckba\u015f hayvan ile 5 adet buza\u011f\u0131, jandarma ekiplerinin dron destekli arama \u00e7al\u0131\u015fmas\u0131 sonucu bulunarak sahiplerine teslim edildi. K\u00fctahya Merkez il\u00e7eye ba\u011fl\u0131 Turgutlar k\u00f6y\u00fcnde ikamet eden H.K., isimli vatanda\u015f, 112 Acil \u00c7a\u011fr\u0131 Merkezini arayarak 68 adet k\u00fc\u00e7\u00fckba\u015f hayvan\u0131n\u0131n kay\u0131p oldu\u011funu bildirdi. \u0130hbar \u00fczerine K\u00fctahya \u0130l Jandarma Komutanl\u0131\u011f\u0131, Merkez \u0130l\u00e7e Merkez Jandarma Karakol&#8230;<\/p>\n","protected":false},"author":1,"featured_media":93868,"comment_status":"open","ping_status":"open","sticky":false,"template":"","format":"standard","meta":{"_crdt_document":"","footnotes":""},"categories":[5],"tags":[],"class_list":["post-93867","post","type-post","status-publish","format-standard","has-post-thumbnail","hentry","category-asayis"],"_links":{"self":[{"href":"https:\/\/www.egemtv.com\/index.php?rest_route=\/wp\/v2\/posts\/93867","targetHints":{"allow":["GET"]}}],"collection":[{"href":"https:\/\/www.egemtv.com\/index.php?rest_route=\/wp\/v2\/posts"}],"about":[{"href":"https:\/\/www.egemtv.com\/index.php?rest_route=\/wp\/v2\/types\/post"}],"author":[{"embeddable":true,"href":"https:\/\/www.egemtv.com\/index.php?rest_route=\/wp\/v2\/users\/1"}],"replies":[{"embeddable":true,"href":"https:\/\/www.egemtv.com\/index.php?rest_route=%2Fwp%2Fv2%2Fcomments&post=93867"}],"version-history":[{"count":1,"href":"https:\/\/www.egemtv.com\/index.php?rest_route=\/wp\/v2\/posts\/93867\/revisions"}],"predecessor-version":[{"id":93869,"href":"https:\/\/www.egemtv.com\/index.php?rest_route=\/wp\/v2\/posts\/93867\/revisions\/93869"}],"wp:featuredmedia":[{"embeddable":true,"href":"https:\/\/www.egemtv.com\/index.php?rest_route=\/wp\/v2\/media\/93868"}],"wp:attachment":[{"href":"https:\/\/www.egemtv.com\/index.php?rest_route=%2Fwp%2Fv2%2Fmedia&parent=93867"}],"wp:term":[{"taxonomy":"category","embeddable":true,"href":"https:\/\/www.egemtv.com\/index.php?rest_route=%2Fwp%2Fv2%2Fcategories&post=93867"},{"taxonomy":"post_tag","embeddable":true,"href":"https:\/\/www.egemtv.com\/index.php?rest_route=%2Fwp%2Fv2%2Ftags&post=93867"}],"curies":[{"name":"wp","href":"https:\/\/api.w.org\/{rel}","templated":true}]}}