{"id":93864,"date":"2026-03-13T10:54:57","date_gmt":"2026-03-13T07:54:57","guid":{"rendered":"https:\/\/www.egemtv.com\/?p=93864"},"modified":"2026-03-13T10:54:58","modified_gmt":"2026-03-13T07:54:58","slug":"bergamada-sehit-ve-gazi-ailelerine-bayram-oncesi-sac-bakimi","status":"publish","type":"post","link":"https:\/\/www.egemtv.com\/?p=93864","title":{"rendered":"Bergama\u2019da \u015fehit ve gazi ailelerine bayram \u00f6ncesi sa\u00e7 bak\u0131m\u0131"},"content":{"rendered":"<p>\u0130zmir\u2019in Bergama il\u00e7esinde, Ramazan Bayram\u0131 \u00f6ncesinde \u015fehit ve gazi ailelerine evlerinde sa\u00e7 bak\u0131m\u0131 hizmeti sunuldu. \u0130l\u00e7e Emniyet M\u00fcd\u00fcrl\u00fc\u011f\u00fc ve Bergama Berberler ve Kuaf\u00f6rler Esnaf ve Sanatkarlar Odas\u0131 i\u015f birli\u011fiyle yap\u0131lan \u00e7al\u0131\u015fmada ailelere yaln\u0131z olmad\u0131klar\u0131 hissettirildi.<br \/>\n<br \/>Toplum Destekli Polislik B\u00fcro Amirli\u011fi faaliyetleri kapsam\u0131nda hayata ge\u00e7irilen proje ile \u015fehit ve gazi yak\u0131nlar\u0131 ikametlerinde ziyaret edildi. Ziyaretler s\u0131ras\u0131nda ailelerin yakla\u015fan Ramazan Bayram\u0131 kutlan\u0131rken, kuaf\u00f6r esnaf\u0131 taraf\u0131ndan sa\u00e7 bak\u0131mlar\u0131 \u00f6zenle ger\u00e7ekle\u015ftirildi.<\/p>\n<p>&#8220;Sorumluluk bilinci olan bir camiay\u0131z&#8221;<br \/>\n<br \/>Proje kapsam\u0131nda \u015fehit \u00d6mer Yi\u011fit Ulus\u2019un anne ve babas\u0131n\u0131 evlerinde ziyaret eden Bergama Berberler ve Kuaf\u00f6rler Esnaf ve Sanatkarlar Odas\u0131 Ba\u015fkan\u0131 H\u00fcseyin Al, &#8220;Bug\u00fcn Bergama\u2019m\u0131z\u0131n evlad\u0131, \u015fehidimiz \u00d6mer Yi\u011fit Ulus\u2019un anne ve babas\u0131n\u0131n evine ziyarete geldik. Ayn\u0131 zamanda sa\u00e7 bak\u0131mlar\u0131n\u0131 \u00fcstlendik. \u0130l\u00e7e Emniyet M\u00fcd\u00fcrl\u00fc\u011f\u00fc ile bir sosyal sorumluluk projesi geli\u015ftirdik. Bu anlamda Bergama Berberler ve Kuaf\u00f6rler Esnaf ve Sanatkarlar Odas\u0131 olarak bizler sadece mesle\u011fini icra eden esnaflar de\u011fil, sorumluluk bilinci olan bir camiay\u0131z. \u015eimdiden yakla\u015fan Ramazan Bayram\u0131\u2019n\u0131n \u015fehit ve gazi aileleri i\u00e7in m\u00fcbarek olmas\u0131n\u0131 diliyorum&#8221; diye konu\u015ftu.<br \/><\/p>\n","protected":false},"excerpt":{"rendered":"<p>\u0130zmir\u2019in Bergama il\u00e7esinde, Ramazan Bayram\u0131 \u00f6ncesinde \u015fehit ve gazi ailelerine evlerinde sa\u00e7 bak\u0131m\u0131 hizmeti sunuldu. \u0130l\u00e7e Emniyet M\u00fcd\u00fcrl\u00fc\u011f\u00fc ve Bergama Berberler ve Kuaf\u00f6rler Esnaf ve Sanatkarlar Odas\u0131 i\u015f birli\u011fiyle yap\u0131lan \u00e7al\u0131\u015fmada ailelere yaln\u0131z olmad\u0131klar\u0131 hissettirildi. Toplum Destekli Polislik B\u00fcro Amirli\u011fi faaliyetleri kapsam\u0131nda hayata ge\u00e7irilen proje ile \u015fehit ve gazi yak\u0131nlar\u0131 ikametlerinde ziyaret edildi. Ziyaretler s\u0131ras\u0131nda&#8230;<\/p>\n","protected":false},"author":1,"featured_media":93865,"comment_status":"open","ping_status":"open","sticky":false,"template":"","format":"standard","meta":{"_crdt_document":"","footnotes":""},"categories":[1],"tags":[],"class_list":["post-93864","post","type-post","status-publish","format-standard","has-post-thumbnail","hentry","category-guncel"],"_links":{"self":[{"href":"https:\/\/www.egemtv.com\/index.php?rest_route=\/wp\/v2\/posts\/93864","targetHints":{"allow":["GET"]}}],"collection":[{"href":"https:\/\/www.egemtv.com\/index.php?rest_route=\/wp\/v2\/posts"}],"about":[{"href":"https:\/\/www.egemtv.com\/index.php?rest_route=\/wp\/v2\/types\/post"}],"author":[{"embeddable":true,"href":"https:\/\/www.egemtv.com\/index.php?rest_route=\/wp\/v2\/users\/1"}],"replies":[{"embeddable":true,"href":"https:\/\/www.egemtv.com\/index.php?rest_route=%2Fwp%2Fv2%2Fcomments&post=93864"}],"version-history":[{"count":1,"href":"https:\/\/www.egemtv.com\/index.php?rest_route=\/wp\/v2\/posts\/93864\/revisions"}],"predecessor-version":[{"id":93866,"href":"https:\/\/www.egemtv.com\/index.php?rest_route=\/wp\/v2\/posts\/93864\/revisions\/93866"}],"wp:featuredmedia":[{"embeddable":true,"href":"https:\/\/www.egemtv.com\/index.php?rest_route=\/wp\/v2\/media\/93865"}],"wp:attachment":[{"href":"https:\/\/www.egemtv.com\/index.php?rest_route=%2Fwp%2Fv2%2Fmedia&parent=93864"}],"wp:term":[{"taxonomy":"category","embeddable":true,"href":"https:\/\/www.egemtv.com\/index.php?rest_route=%2Fwp%2Fv2%2Fcategories&post=93864"},{"taxonomy":"post_tag","embeddable":true,"href":"https:\/\/www.egemtv.com\/index.php?rest_route=%2Fwp%2Fv2%2Ftags&post=93864"}],"curies":[{"name":"wp","href":"https:\/\/api.w.org\/{rel}","templated":true}]}}