{"id":93861,"date":"2026-03-13T10:34:36","date_gmt":"2026-03-13T07:34:36","guid":{"rendered":"https:\/\/www.egemtv.com\/?p=93861"},"modified":"2026-03-13T10:34:37","modified_gmt":"2026-03-13T07:34:37","slug":"aydinda-okul-sporlari-futsal-grup-musabakalari-tamamlandi","status":"publish","type":"post","link":"https:\/\/www.egemtv.com\/?p=93861","title":{"rendered":"Ayd\u0131n\u2019da Okul Sporlar\u0131 Futsal Grup M\u00fcsabakalar\u0131 tamamland\u0131"},"content":{"rendered":"<p>2025-2026 E\u011fitim \u00d6\u011fretim Y\u0131l\u0131 Okul Sporlar\u0131 faaliyet program\u0131nda yer alan Futsal (Salon Futbolu) Gen\u00e7ler A K\u0131z-Erkek Grup M\u00fcsabakalar\u0131, Ayd\u0131n Gen\u00e7lik ve Spor \u0130l M\u00fcd\u00fcrl\u00fc\u011f\u00fc\u2019n\u00fcn ev sahipli\u011finde b\u00fcy\u00fck bir heyecana sahne oldu.<\/p>\n<p>Sporseverlerin ilgiyle takip etti\u011fi m\u00fcsabakalarda tak\u0131mlar parkede yar\u0131 finale y\u00fckselmek i\u00e7in k\u0131yas\u0131ya m\u00fccadele etti. Bir\u00e7ok ilden gelen okul tak\u0131mlar\u0131n\u0131n kat\u0131ld\u0131\u011f\u0131 organizasyon, \u00e7eki\u015fmeli kar\u015f\u0131la\u015fmalar\u0131n ard\u0131ndan tamamland\u0131. Turnuva sonunda gruplar\u0131n\u0131 lider tamamlayan tak\u0131mlar, Okul Sporlar\u0131 Futsal Yar\u0131 Finalleri\u2019ne kat\u0131lmaya hak kazand\u0131. Erkekler kategorisinde oynanan m\u00fcsabakalar sonucunda A Grubu\u2019nda Antalya Serik Yunus Emre Anadolu Lisesi, B Grubu\u2019nda Ayd\u0131n\u2019\u0131 temsil eden Efeler Adnan Menderes Anadolu \u0130mam Hatip Lisesi ve C Grubu\u2019nda \u0130zmir Fo\u00e7a Recep Kerman Spor Lisesi gruplar\u0131n\u0131 lider tamamlayarak yar\u0131 finale y\u00fckseldi. K\u0131zlar kategorisinde ise A Grubu\u2019nda Denizli Merkezefendi Nalan Kaynak Anadolu Lisesi, B Grubu\u2019nda Manisa Soma Linyit Anadolu Lisesi ve C Grubu\u2019nda \u0130zmir Bornova \u015eehit Erol Ol\u00e7ok Anadolu \u0130mam Hatip Lisesi sergiledikleri ba\u015far\u0131l\u0131 performansla yar\u0131 final biletini alan tak\u0131mlar oldu.<br \/><\/p>\n","protected":false},"excerpt":{"rendered":"<p>2025-2026 E\u011fitim \u00d6\u011fretim Y\u0131l\u0131 Okul Sporlar\u0131 faaliyet program\u0131nda yer alan Futsal (Salon Futbolu) Gen\u00e7ler A K\u0131z-Erkek Grup M\u00fcsabakalar\u0131, Ayd\u0131n Gen\u00e7lik ve Spor \u0130l M\u00fcd\u00fcrl\u00fc\u011f\u00fc\u2019n\u00fcn ev sahipli\u011finde b\u00fcy\u00fck bir heyecana sahne oldu. Sporseverlerin ilgiyle takip etti\u011fi m\u00fcsabakalarda tak\u0131mlar parkede yar\u0131 finale y\u00fckselmek i\u00e7in k\u0131yas\u0131ya m\u00fccadele etti. Bir\u00e7ok ilden gelen okul tak\u0131mlar\u0131n\u0131n kat\u0131ld\u0131\u011f\u0131 organizasyon, \u00e7eki\u015fmeli kar\u015f\u0131la\u015fmalar\u0131n ard\u0131ndan&#8230;<\/p>\n","protected":false},"author":1,"featured_media":93862,"comment_status":"open","ping_status":"open","sticky":false,"template":"","format":"standard","meta":{"_crdt_document":"","footnotes":""},"categories":[4],"tags":[],"class_list":["post-93861","post","type-post","status-publish","format-standard","has-post-thumbnail","hentry","category-spor"],"_links":{"self":[{"href":"https:\/\/www.egemtv.com\/index.php?rest_route=\/wp\/v2\/posts\/93861","targetHints":{"allow":["GET"]}}],"collection":[{"href":"https:\/\/www.egemtv.com\/index.php?rest_route=\/wp\/v2\/posts"}],"about":[{"href":"https:\/\/www.egemtv.com\/index.php?rest_route=\/wp\/v2\/types\/post"}],"author":[{"embeddable":true,"href":"https:\/\/www.egemtv.com\/index.php?rest_route=\/wp\/v2\/users\/1"}],"replies":[{"embeddable":true,"href":"https:\/\/www.egemtv.com\/index.php?rest_route=%2Fwp%2Fv2%2Fcomments&post=93861"}],"version-history":[{"count":1,"href":"https:\/\/www.egemtv.com\/index.php?rest_route=\/wp\/v2\/posts\/93861\/revisions"}],"predecessor-version":[{"id":93863,"href":"https:\/\/www.egemtv.com\/index.php?rest_route=\/wp\/v2\/posts\/93861\/revisions\/93863"}],"wp:featuredmedia":[{"embeddable":true,"href":"https:\/\/www.egemtv.com\/index.php?rest_route=\/wp\/v2\/media\/93862"}],"wp:attachment":[{"href":"https:\/\/www.egemtv.com\/index.php?rest_route=%2Fwp%2Fv2%2Fmedia&parent=93861"}],"wp:term":[{"taxonomy":"category","embeddable":true,"href":"https:\/\/www.egemtv.com\/index.php?rest_route=%2Fwp%2Fv2%2Fcategories&post=93861"},{"taxonomy":"post_tag","embeddable":true,"href":"https:\/\/www.egemtv.com\/index.php?rest_route=%2Fwp%2Fv2%2Ftags&post=93861"}],"curies":[{"name":"wp","href":"https:\/\/api.w.org\/{rel}","templated":true}]}}