{"id":93858,"date":"2026-03-13T10:34:35","date_gmt":"2026-03-13T07:34:35","guid":{"rendered":"https:\/\/www.egemtv.com\/?p=93858"},"modified":"2026-03-13T10:34:36","modified_gmt":"2026-03-13T07:34:36","slug":"koycegizde-istiklal-marsini-okuma-yarismasinda-1inci-olan-ogrenci-odullendirildi","status":"publish","type":"post","link":"https:\/\/www.egemtv.com\/?p=93858","title":{"rendered":"K\u00f6yce\u011fiz\u2019de \u0130stiklal Mar\u015f\u0131\u2019n\u0131 okuma yar\u0131\u015fmas\u0131nda 1\u2019inci olan \u00f6\u011frenci \u00f6d\u00fcllendirildi"},"content":{"rendered":"<p>Mu\u011fla\u2019n\u0131n K\u00f6yce\u011fiz il\u00e7esinde \u0130l Milli E\u011fitim M\u00fcd\u00fcrl\u00fc\u011f\u00fc\u2019nce d\u00fczenlenen &#8220;\u0130stiklal Mar\u015f\u0131\u2019n\u0131n Tamam\u0131n\u0131 Ezbere G\u00fczel Okuma Yar\u0131\u015fmas\u0131&#8221; ilkokul kategorisinde Nisa Y\u0131ld\u0131z il birincisi oldu.<\/p>\n<p>&#8220;12 Mart \u0130stiklal Mar\u015f\u0131\u2019n\u0131n Kabul\u00fc ve Mehmet Akif Ersoy\u2019u Anma G\u00fcn\u00fc&#8221; etkinlikleri kapsam\u0131nda, \u0130l Milli E\u011fitim M\u00fcd\u00fcrl\u00fc\u011f\u00fc taraf\u0131ndan d\u00fczenlenen \u0130stiklal Mar\u015f\u0131\u2019n\u0131n Tamam\u0131n\u0131 Ezbere g\u00fczel Okuma Yar\u0131\u015fmas\u0131\u2019n\u0131n ilkokul kategorisi finali Mu\u011fla Halk E\u011fitimi Merkezi Salonunda ger\u00e7ekle\u015ftirildi. Yar\u0131\u015fmada Hamitk\u00f6y Nusret Akba\u015f \u0130lkokulu \u00d6\u011frencisi Nisa Y\u0131ld\u0131z Mu\u011fla 1\u2019incisi olarak il\u00e7eyi gururland\u0131rd\u0131. \u0130stiklal Mar\u015f\u0131\u2019n\u0131n tamam\u0131n\u0131 ezbere okuma yar\u0131\u015fmas\u0131nda \u0130l ve \u0130l\u00e7e Birincisi olan Nusret Akba\u015f \u0130lkokulu 4-A s\u0131n\u0131f\u0131 \u00f6\u011frencisi Nisa Y\u0131ld\u0131z, K\u00f6yce\u011fiz Kaymakam\u0131 Mert Kumcu\u2019yu ziyaret etti. Ziyaretten duydu\u011fu memnuniyeti dile getiren Kaymakam Mert Kumcu, Nisa Y\u0131ld\u0131z\u2019\u0131 tebrik ederek \u00f6d\u00fcllendirdi. Ziyarete, \u0130l\u00e7e Milli E\u011fitim M\u00fcd\u00fcr\u00fc Taner \u015een, Okul M\u00fcd\u00fcr\u00fc G\u00fcltekin Ba\u011fc\u0131o\u011flu ve S\u0131n\u0131f \u00d6\u011fretmeni Ay\u015feg\u00fcl Alac\u0131k kat\u0131ld\u0131. Ayr\u0131ca \u0130l Milli E\u011fitim M\u00fcd\u00fcrl\u00fc\u011f\u00fc\u2019nce d\u00fczenlenen &#8220;\u0130stikl\u00e2l Mar\u015f\u0131\u2019n\u0131n Tamam\u0131n\u0131 Ezbere G\u00fczel Okuma Yar\u0131\u015fmas\u0131&#8221; ilkokul kategorisinde il birincisi olarak il\u00e7eyi gururland\u0131ran Hamitk\u00f6y Nusret Akba\u015f \u0130lkokulu \u00f6\u011frencisi Nisa Y\u0131ld\u0131z, \u0130l\u00e7e Milli E\u011fitim M\u00fcd\u00fcr\u00fc Taner \u015een\u2019i makam\u0131nda ziyaret etti. \u00d6\u011frenciye ba\u015far\u0131s\u0131ndan dolay\u0131 \u00f6d\u00fcl takdim edildi. \u00d6\u011frenci tebrik edildi; eme\u011fi ge\u00e7en idareci, \u00f6\u011fretmen ve aileye te\u015fekk\u00fcr edildi.<br \/><\/p>\n","protected":false},"excerpt":{"rendered":"<p>Mu\u011fla\u2019n\u0131n K\u00f6yce\u011fiz il\u00e7esinde \u0130l Milli E\u011fitim M\u00fcd\u00fcrl\u00fc\u011f\u00fc\u2019nce d\u00fczenlenen &#8220;\u0130stiklal Mar\u015f\u0131\u2019n\u0131n Tamam\u0131n\u0131 Ezbere G\u00fczel Okuma Yar\u0131\u015fmas\u0131&#8221; ilkokul kategorisinde Nisa Y\u0131ld\u0131z il birincisi oldu. &#8220;12 Mart \u0130stiklal Mar\u015f\u0131\u2019n\u0131n Kabul\u00fc ve Mehmet Akif Ersoy\u2019u Anma G\u00fcn\u00fc&#8221; etkinlikleri kapsam\u0131nda, \u0130l Milli E\u011fitim M\u00fcd\u00fcrl\u00fc\u011f\u00fc taraf\u0131ndan d\u00fczenlenen \u0130stiklal Mar\u015f\u0131\u2019n\u0131n Tamam\u0131n\u0131 Ezbere g\u00fczel Okuma Yar\u0131\u015fmas\u0131\u2019n\u0131n ilkokul kategorisi finali Mu\u011fla Halk E\u011fitimi Merkezi&#8230;<\/p>\n","protected":false},"author":1,"featured_media":93859,"comment_status":"open","ping_status":"open","sticky":false,"template":"","format":"standard","meta":{"_crdt_document":"","footnotes":""},"categories":[1],"tags":[],"class_list":["post-93858","post","type-post","status-publish","format-standard","has-post-thumbnail","hentry","category-guncel"],"_links":{"self":[{"href":"https:\/\/www.egemtv.com\/index.php?rest_route=\/wp\/v2\/posts\/93858","targetHints":{"allow":["GET"]}}],"collection":[{"href":"https:\/\/www.egemtv.com\/index.php?rest_route=\/wp\/v2\/posts"}],"about":[{"href":"https:\/\/www.egemtv.com\/index.php?rest_route=\/wp\/v2\/types\/post"}],"author":[{"embeddable":true,"href":"https:\/\/www.egemtv.com\/index.php?rest_route=\/wp\/v2\/users\/1"}],"replies":[{"embeddable":true,"href":"https:\/\/www.egemtv.com\/index.php?rest_route=%2Fwp%2Fv2%2Fcomments&post=93858"}],"version-history":[{"count":1,"href":"https:\/\/www.egemtv.com\/index.php?rest_route=\/wp\/v2\/posts\/93858\/revisions"}],"predecessor-version":[{"id":93860,"href":"https:\/\/www.egemtv.com\/index.php?rest_route=\/wp\/v2\/posts\/93858\/revisions\/93860"}],"wp:featuredmedia":[{"embeddable":true,"href":"https:\/\/www.egemtv.com\/index.php?rest_route=\/wp\/v2\/media\/93859"}],"wp:attachment":[{"href":"https:\/\/www.egemtv.com\/index.php?rest_route=%2Fwp%2Fv2%2Fmedia&parent=93858"}],"wp:term":[{"taxonomy":"category","embeddable":true,"href":"https:\/\/www.egemtv.com\/index.php?rest_route=%2Fwp%2Fv2%2Fcategories&post=93858"},{"taxonomy":"post_tag","embeddable":true,"href":"https:\/\/www.egemtv.com\/index.php?rest_route=%2Fwp%2Fv2%2Ftags&post=93858"}],"curies":[{"name":"wp","href":"https:\/\/api.w.org\/{rel}","templated":true}]}}