{"id":93855,"date":"2026-03-13T10:34:34","date_gmt":"2026-03-13T07:34:34","guid":{"rendered":"https:\/\/www.egemtv.com\/?p=93855"},"modified":"2026-03-13T10:34:35","modified_gmt":"2026-03-13T07:34:35","slug":"egitim-camiasi-iftar-sofrasinda-bir-araya-geldi","status":"publish","type":"post","link":"https:\/\/www.egemtv.com\/?p=93855","title":{"rendered":"E\u011fitim camias\u0131 iftar sofras\u0131nda bir araya geldi"},"content":{"rendered":"<p>Afyonkarahisar\u2019da Ramazan ay\u0131n\u0131n bereketi ve manevi iklimi e\u011fitim camias\u0131n\u0131 ayn\u0131 sofrada bulu\u015fturmaya devam ederken, S\u00fcleyman Demirel Fen Lisesi taraf\u0131ndan d\u00fczenlenen iftar program\u0131nda e\u011fitim ailesi anlaml\u0131 bir bulu\u015fmaya imza att\u0131.<br \/>\n<br \/>\u0130ftar program\u0131na \u0130l Milli E\u011fitim M\u00fcd\u00fcr\u00fc Mira\u00e7 S\u00fcnnetci, kurum y\u00f6neticileri, okul idarecileri, \u00f6\u011fretmenler ve \u00f6\u011frenciler kat\u0131ld\u0131. Samimi ve s\u0131cak bir atmosferde ger\u00e7ekle\u015fen programda S\u00fcleyman Demirel Fen Lisesi pansiyonunda kalan \u00f6\u011frenciler ve \u015eehit \u00d6mer Halisdemir \u0130mam Hatip Ortaokulu Haf\u0131zl\u0131k \u00f6\u011frencileri ile Ramazan ay\u0131n\u0131n birlik, payla\u015fma ve karde\u015flik ruhu hep birlikte ya\u015fand\u0131.<br \/><\/p>\n","protected":false},"excerpt":{"rendered":"<p>Afyonkarahisar\u2019da Ramazan ay\u0131n\u0131n bereketi ve manevi iklimi e\u011fitim camias\u0131n\u0131 ayn\u0131 sofrada bulu\u015fturmaya devam ederken, S\u00fcleyman Demirel Fen Lisesi taraf\u0131ndan d\u00fczenlenen iftar program\u0131nda e\u011fitim ailesi anlaml\u0131 bir bulu\u015fmaya imza att\u0131. \u0130ftar program\u0131na \u0130l Milli E\u011fitim M\u00fcd\u00fcr\u00fc Mira\u00e7 S\u00fcnnetci, kurum y\u00f6neticileri, okul idarecileri, \u00f6\u011fretmenler ve \u00f6\u011frenciler kat\u0131ld\u0131. Samimi ve s\u0131cak bir atmosferde ger\u00e7ekle\u015fen programda S\u00fcleyman Demirel Fen&#8230;<\/p>\n","protected":false},"author":1,"featured_media":93856,"comment_status":"open","ping_status":"open","sticky":false,"template":"","format":"standard","meta":{"_crdt_document":"","footnotes":""},"categories":[1],"tags":[],"class_list":["post-93855","post","type-post","status-publish","format-standard","has-post-thumbnail","hentry","category-guncel"],"_links":{"self":[{"href":"https:\/\/www.egemtv.com\/index.php?rest_route=\/wp\/v2\/posts\/93855","targetHints":{"allow":["GET"]}}],"collection":[{"href":"https:\/\/www.egemtv.com\/index.php?rest_route=\/wp\/v2\/posts"}],"about":[{"href":"https:\/\/www.egemtv.com\/index.php?rest_route=\/wp\/v2\/types\/post"}],"author":[{"embeddable":true,"href":"https:\/\/www.egemtv.com\/index.php?rest_route=\/wp\/v2\/users\/1"}],"replies":[{"embeddable":true,"href":"https:\/\/www.egemtv.com\/index.php?rest_route=%2Fwp%2Fv2%2Fcomments&post=93855"}],"version-history":[{"count":1,"href":"https:\/\/www.egemtv.com\/index.php?rest_route=\/wp\/v2\/posts\/93855\/revisions"}],"predecessor-version":[{"id":93857,"href":"https:\/\/www.egemtv.com\/index.php?rest_route=\/wp\/v2\/posts\/93855\/revisions\/93857"}],"wp:featuredmedia":[{"embeddable":true,"href":"https:\/\/www.egemtv.com\/index.php?rest_route=\/wp\/v2\/media\/93856"}],"wp:attachment":[{"href":"https:\/\/www.egemtv.com\/index.php?rest_route=%2Fwp%2Fv2%2Fmedia&parent=93855"}],"wp:term":[{"taxonomy":"category","embeddable":true,"href":"https:\/\/www.egemtv.com\/index.php?rest_route=%2Fwp%2Fv2%2Fcategories&post=93855"},{"taxonomy":"post_tag","embeddable":true,"href":"https:\/\/www.egemtv.com\/index.php?rest_route=%2Fwp%2Fv2%2Ftags&post=93855"}],"curies":[{"name":"wp","href":"https:\/\/api.w.org\/{rel}","templated":true}]}}