{"id":93852,"date":"2026-03-13T10:14:37","date_gmt":"2026-03-13T07:14:37","guid":{"rendered":"https:\/\/www.egemtv.com\/?p=93852"},"modified":"2026-03-13T10:14:40","modified_gmt":"2026-03-13T07:14:40","slug":"koycegizde-sanatin-diliyle-degerlerimiz-sergisi-acildi","status":"publish","type":"post","link":"https:\/\/www.egemtv.com\/?p=93852","title":{"rendered":"K\u00f6yce\u011fiz\u2019de &#8220;Sanat\u0131n Diliyle De\u011ferlerimiz&#8221; sergisi a\u00e7\u0131ld\u0131"},"content":{"rendered":"<p>Mu\u011fla\u2019n\u0131n K\u00f6yce\u011fiz il\u00e7esinde Sanat\u0131n Diliyle De\u011ferlerimiz: Hat, Tezhip ve Ebru Eserleri Sergisi Halk E\u011fitim Merkezi bah\u00e7esinde a\u00e7\u0131ld\u0131.<\/p>\n<p>Serginin a\u00e7\u0131l\u0131\u015f\u0131n\u0131 K\u00f6yce\u011fiz Kaymakam\u0131 Mert Kumcu, K\u00f6yce\u011fiz \u0130l\u00e7e Milli E\u011fitim M\u00fcd\u00fcr\u00fc Taner \u015een ve protokol \u00fcyeleri ger\u00e7ekle\u015ftirdi. Peygamberimiz Hz. Muhammed\u2019in (s.a.s) do\u011fumunun 1500. Y\u0131l\u0131 etkinlikleri kapsam\u0131nda a\u00e7\u0131lan sergide K\u00f6yce\u011fiz Halk E\u011fitim Merkezi \u00f6\u011fretmen, usta \u00f6\u011fretici ve kursiyerlerinin hat, tezhip ve ebru alanlar\u0131nda haz\u0131rlad\u0131klar\u0131 eserler sanatseverlerle bulu\u015ftu. K\u00f6yce\u011fiz Kaymakam\u0131 Mert Kumcu ve \u0130l\u00e7e Milli E\u011fitim M\u00fcd\u00fcr\u00fc Taner \u015een, K\u00f6yce\u011fiz Halk E\u011fitimi Merkezi usta \u00f6\u011freticileri ve kursiyerlerinin, Peygamber Efendimiz Hz. Muhammed (S.A.V.)\u2019\u0131n Do\u011fumunun 1500. Y\u0131l\u0131 m\u00fcnasebetiyle &#8220;Sanat\u0131n Diliyle De\u011ferlerimiz&#8221; temas\u0131yla haz\u0131rlad\u0131\u011f\u0131 hat, tezhip ve ebru \u00e7al\u0131\u015fmalar\u0131ndan olu\u015fan sergide eserler hakk\u0131nda bilgi ald\u0131.<br \/><\/p>\n","protected":false},"excerpt":{"rendered":"<p>Mu\u011fla\u2019n\u0131n K\u00f6yce\u011fiz il\u00e7esinde Sanat\u0131n Diliyle De\u011ferlerimiz: Hat, Tezhip ve Ebru Eserleri Sergisi Halk E\u011fitim Merkezi bah\u00e7esinde a\u00e7\u0131ld\u0131. Serginin a\u00e7\u0131l\u0131\u015f\u0131n\u0131 K\u00f6yce\u011fiz Kaymakam\u0131 Mert Kumcu, K\u00f6yce\u011fiz \u0130l\u00e7e Milli E\u011fitim M\u00fcd\u00fcr\u00fc Taner \u015een ve protokol \u00fcyeleri ger\u00e7ekle\u015ftirdi. Peygamberimiz Hz. Muhammed\u2019in (s.a.s) do\u011fumunun 1500. Y\u0131l\u0131 etkinlikleri kapsam\u0131nda a\u00e7\u0131lan sergide K\u00f6yce\u011fiz Halk E\u011fitim Merkezi \u00f6\u011fretmen, usta \u00f6\u011fretici ve kursiyerlerinin hat,&#8230;<\/p>\n","protected":false},"author":1,"featured_media":93853,"comment_status":"open","ping_status":"open","sticky":false,"template":"","format":"standard","meta":{"_crdt_document":"","footnotes":""},"categories":[1],"tags":[],"class_list":["post-93852","post","type-post","status-publish","format-standard","has-post-thumbnail","hentry","category-guncel"],"_links":{"self":[{"href":"https:\/\/www.egemtv.com\/index.php?rest_route=\/wp\/v2\/posts\/93852","targetHints":{"allow":["GET"]}}],"collection":[{"href":"https:\/\/www.egemtv.com\/index.php?rest_route=\/wp\/v2\/posts"}],"about":[{"href":"https:\/\/www.egemtv.com\/index.php?rest_route=\/wp\/v2\/types\/post"}],"author":[{"embeddable":true,"href":"https:\/\/www.egemtv.com\/index.php?rest_route=\/wp\/v2\/users\/1"}],"replies":[{"embeddable":true,"href":"https:\/\/www.egemtv.com\/index.php?rest_route=%2Fwp%2Fv2%2Fcomments&post=93852"}],"version-history":[{"count":1,"href":"https:\/\/www.egemtv.com\/index.php?rest_route=\/wp\/v2\/posts\/93852\/revisions"}],"predecessor-version":[{"id":93854,"href":"https:\/\/www.egemtv.com\/index.php?rest_route=\/wp\/v2\/posts\/93852\/revisions\/93854"}],"wp:featuredmedia":[{"embeddable":true,"href":"https:\/\/www.egemtv.com\/index.php?rest_route=\/wp\/v2\/media\/93853"}],"wp:attachment":[{"href":"https:\/\/www.egemtv.com\/index.php?rest_route=%2Fwp%2Fv2%2Fmedia&parent=93852"}],"wp:term":[{"taxonomy":"category","embeddable":true,"href":"https:\/\/www.egemtv.com\/index.php?rest_route=%2Fwp%2Fv2%2Fcategories&post=93852"},{"taxonomy":"post_tag","embeddable":true,"href":"https:\/\/www.egemtv.com\/index.php?rest_route=%2Fwp%2Fv2%2Ftags&post=93852"}],"curies":[{"name":"wp","href":"https:\/\/api.w.org\/{rel}","templated":true}]}}