{"id":93846,"date":"2026-03-13T09:54:55","date_gmt":"2026-03-13T06:54:55","guid":{"rendered":"https:\/\/www.egemtv.com\/?p=93846"},"modified":"2026-03-13T09:54:56","modified_gmt":"2026-03-13T06:54:56","slug":"buldanda-sap-karantinasi-kaldirildi","status":"publish","type":"post","link":"https:\/\/www.egemtv.com\/?p=93846","title":{"rendered":"Buldan\u2019da \u015fap karantinas\u0131 kald\u0131r\u0131ld\u0131"},"content":{"rendered":"<p>Buldan\u2019da b\u00fcy\u00fck ve k\u00fc\u00e7\u00fckba\u015f hayvanlarda g\u00f6r\u00fclen \u015fap hastal\u0131\u011f\u0131 nedeniyle uygulanan karantina sona erdi. \u0130l\u00e7e Tar\u0131m ve Orman M\u00fcd\u00fcrl\u00fc\u011f\u00fc, 12 Mart itibar\u0131yla hayvan al\u0131m-sat\u0131m\u0131 ve hayvan hareketlerinin yeniden serbest oldu\u011funu a\u00e7\u0131klad\u0131.<br \/>\n<br \/>Buldan\u2019da b\u00fcy\u00fck ve k\u00fc\u00e7\u00fckba\u015f hayvanlarda g\u00f6r\u00fclen \u015fap hastal\u0131\u011f\u0131n\u0131n yay\u0131lmas\u0131n\u0131 \u00f6nlemek amac\u0131yla uygulanan karantina tedbiri sona erdi. Buldan \u0130l\u00e7e Tar\u0131m ve Orman M\u00fcd\u00fcrl\u00fc\u011f\u00fc taraf\u0131ndan yap\u0131lan a\u00e7\u0131klamada, 12 Mart 2026 tarihi itibar\u0131yla karantinan\u0131n kald\u0131r\u0131ld\u0131\u011f\u0131 bildirildi. Yap\u0131lan a\u00e7\u0131klamaya g\u00f6re, il\u00e7ede her t\u00fcrl\u00fc hayvan al\u0131m ve sat\u0131m\u0131 ile hayvan hareketleri yeniden serbest hale getirildi. Ayr\u0131ca b\u00fcy\u00fckba\u015f ve k\u00fc\u00e7\u00fckba\u015f hayvanlar\u0131n meralarda otlat\u0131lmas\u0131na da izin verildi\u011fi belirtildi.<br \/><\/p>\n","protected":false},"excerpt":{"rendered":"<p>Buldan\u2019da b\u00fcy\u00fck ve k\u00fc\u00e7\u00fckba\u015f hayvanlarda g\u00f6r\u00fclen \u015fap hastal\u0131\u011f\u0131 nedeniyle uygulanan karantina sona erdi. \u0130l\u00e7e Tar\u0131m ve Orman M\u00fcd\u00fcrl\u00fc\u011f\u00fc, 12 Mart itibar\u0131yla hayvan al\u0131m-sat\u0131m\u0131 ve hayvan hareketlerinin yeniden serbest oldu\u011funu a\u00e7\u0131klad\u0131. Buldan\u2019da b\u00fcy\u00fck ve k\u00fc\u00e7\u00fckba\u015f hayvanlarda g\u00f6r\u00fclen \u015fap hastal\u0131\u011f\u0131n\u0131n yay\u0131lmas\u0131n\u0131 \u00f6nlemek amac\u0131yla uygulanan karantina tedbiri sona erdi. Buldan \u0130l\u00e7e Tar\u0131m ve Orman M\u00fcd\u00fcrl\u00fc\u011f\u00fc taraf\u0131ndan yap\u0131lan a\u00e7\u0131klamada,&#8230;<\/p>\n","protected":false},"author":1,"featured_media":93847,"comment_status":"open","ping_status":"open","sticky":false,"template":"","format":"standard","meta":{"_crdt_document":"","footnotes":""},"categories":[125],"tags":[],"class_list":["post-93846","post","type-post","status-publish","format-standard","has-post-thumbnail","hentry","category-ekonomi"],"_links":{"self":[{"href":"https:\/\/www.egemtv.com\/index.php?rest_route=\/wp\/v2\/posts\/93846","targetHints":{"allow":["GET"]}}],"collection":[{"href":"https:\/\/www.egemtv.com\/index.php?rest_route=\/wp\/v2\/posts"}],"about":[{"href":"https:\/\/www.egemtv.com\/index.php?rest_route=\/wp\/v2\/types\/post"}],"author":[{"embeddable":true,"href":"https:\/\/www.egemtv.com\/index.php?rest_route=\/wp\/v2\/users\/1"}],"replies":[{"embeddable":true,"href":"https:\/\/www.egemtv.com\/index.php?rest_route=%2Fwp%2Fv2%2Fcomments&post=93846"}],"version-history":[{"count":1,"href":"https:\/\/www.egemtv.com\/index.php?rest_route=\/wp\/v2\/posts\/93846\/revisions"}],"predecessor-version":[{"id":93848,"href":"https:\/\/www.egemtv.com\/index.php?rest_route=\/wp\/v2\/posts\/93846\/revisions\/93848"}],"wp:featuredmedia":[{"embeddable":true,"href":"https:\/\/www.egemtv.com\/index.php?rest_route=\/wp\/v2\/media\/93847"}],"wp:attachment":[{"href":"https:\/\/www.egemtv.com\/index.php?rest_route=%2Fwp%2Fv2%2Fmedia&parent=93846"}],"wp:term":[{"taxonomy":"category","embeddable":true,"href":"https:\/\/www.egemtv.com\/index.php?rest_route=%2Fwp%2Fv2%2Fcategories&post=93846"},{"taxonomy":"post_tag","embeddable":true,"href":"https:\/\/www.egemtv.com\/index.php?rest_route=%2Fwp%2Fv2%2Ftags&post=93846"}],"curies":[{"name":"wp","href":"https:\/\/api.w.org\/{rel}","templated":true}]}}