{"id":93843,"date":"2026-03-13T09:54:52","date_gmt":"2026-03-13T06:54:52","guid":{"rendered":"https:\/\/www.egemtv.com\/?p=93843"},"modified":"2026-03-13T09:54:54","modified_gmt":"2026-03-13T06:54:54","slug":"cameli-belediyesi-yol-bakim-calismalarina-hiz-kesmeden-devam-ediyor","status":"publish","type":"post","link":"https:\/\/www.egemtv.com\/?p=93843","title":{"rendered":"\u00c7ameli Belediyesi yol bak\u0131m \u00e7al\u0131\u015fmalar\u0131na h\u0131z kesmeden devam ediyor"},"content":{"rendered":"<p>\u00c7ameli Belediyesi Fen \u0130\u015fleri M\u00fcd\u00fcrl\u00fc\u011f\u00fc ekipleri, Cumaalan\u0131 Mahallesi\u2019nde bozulan ve ula\u015f\u0131m\u0131 zorla\u015ft\u0131ran yolda bak\u0131m ve onar\u0131m \u00e7al\u0131\u015fmas\u0131 ger\u00e7ekle\u015ftirdi.<br \/>\n<br \/>\u00c7ameli Belediyesi Fen \u0130\u015fleri M\u00fcd\u00fcrl\u00fc\u011f\u00fc ekipleri, Cumaalan\u0131 Mahallesi\u2019nde vatanda\u015flar\u0131n ula\u015f\u0131mda ya\u015fad\u0131\u011f\u0131 sorunlar\u0131 gidermek amac\u0131yla yol bak\u0131m ve onar\u0131m \u00e7al\u0131\u015fmas\u0131 ger\u00e7ekle\u015ftirdi. Bozulan ve ula\u015f\u0131mda zorluk olu\u015fturan yolda yap\u0131lan \u00e7al\u0131\u015fmalar kapsam\u0131nda yol d\u00fczenlenerek kumlama i\u015flemi yap\u0131ld\u0131. Yap\u0131lan \u00e7al\u0131\u015fma ile yolun daha g\u00fcvenli ve kullan\u0131\u015fl\u0131 hale getirildi\u011fi belirtildi.<br \/>\n<br \/>\u00c7ameli Belediye Ba\u015fkan\u0131 Cengiz Arslan, vatanda\u015flar\u0131n daha g\u00fcvenli ve konforlu bir \u015fekilde ula\u015f\u0131m sa\u011flamas\u0131 amac\u0131yla mahallelerde ihtiya\u00e7 duyulan yol bak\u0131m ve iyile\u015ftirme \u00e7al\u0131\u015fmalar\u0131n\u0131n planl\u0131 \u015fekilde s\u00fcrd\u00fcr\u00fcld\u00fc\u011f\u00fcn\u00fc ifade etti. Ba\u015fkan Arslan, il\u00e7e genelindeki mahallelerde ya\u015fam\u0131 kolayla\u015ft\u0131rmak ve ula\u015f\u0131m kalitesini art\u0131rmak amac\u0131yla \u00e7al\u0131\u015fmalar\u0131na aral\u0131ks\u0131z devam edece\u011fini belirtti.<br \/><\/p>\n","protected":false},"excerpt":{"rendered":"<p>\u00c7ameli Belediyesi Fen \u0130\u015fleri M\u00fcd\u00fcrl\u00fc\u011f\u00fc ekipleri, Cumaalan\u0131 Mahallesi\u2019nde bozulan ve ula\u015f\u0131m\u0131 zorla\u015ft\u0131ran yolda bak\u0131m ve onar\u0131m \u00e7al\u0131\u015fmas\u0131 ger\u00e7ekle\u015ftirdi. \u00c7ameli Belediyesi Fen \u0130\u015fleri M\u00fcd\u00fcrl\u00fc\u011f\u00fc ekipleri, Cumaalan\u0131 Mahallesi\u2019nde vatanda\u015flar\u0131n ula\u015f\u0131mda ya\u015fad\u0131\u011f\u0131 sorunlar\u0131 gidermek amac\u0131yla yol bak\u0131m ve onar\u0131m \u00e7al\u0131\u015fmas\u0131 ger\u00e7ekle\u015ftirdi. Bozulan ve ula\u015f\u0131mda zorluk olu\u015fturan yolda yap\u0131lan \u00e7al\u0131\u015fmalar kapsam\u0131nda yol d\u00fczenlenerek kumlama i\u015flemi yap\u0131ld\u0131. Yap\u0131lan \u00e7al\u0131\u015fma ile&#8230;<\/p>\n","protected":false},"author":1,"featured_media":93844,"comment_status":"open","ping_status":"open","sticky":false,"template":"","format":"standard","meta":{"_crdt_document":"","footnotes":""},"categories":[1],"tags":[],"class_list":["post-93843","post","type-post","status-publish","format-standard","has-post-thumbnail","hentry","category-guncel"],"_links":{"self":[{"href":"https:\/\/www.egemtv.com\/index.php?rest_route=\/wp\/v2\/posts\/93843","targetHints":{"allow":["GET"]}}],"collection":[{"href":"https:\/\/www.egemtv.com\/index.php?rest_route=\/wp\/v2\/posts"}],"about":[{"href":"https:\/\/www.egemtv.com\/index.php?rest_route=\/wp\/v2\/types\/post"}],"author":[{"embeddable":true,"href":"https:\/\/www.egemtv.com\/index.php?rest_route=\/wp\/v2\/users\/1"}],"replies":[{"embeddable":true,"href":"https:\/\/www.egemtv.com\/index.php?rest_route=%2Fwp%2Fv2%2Fcomments&post=93843"}],"version-history":[{"count":1,"href":"https:\/\/www.egemtv.com\/index.php?rest_route=\/wp\/v2\/posts\/93843\/revisions"}],"predecessor-version":[{"id":93845,"href":"https:\/\/www.egemtv.com\/index.php?rest_route=\/wp\/v2\/posts\/93843\/revisions\/93845"}],"wp:featuredmedia":[{"embeddable":true,"href":"https:\/\/www.egemtv.com\/index.php?rest_route=\/wp\/v2\/media\/93844"}],"wp:attachment":[{"href":"https:\/\/www.egemtv.com\/index.php?rest_route=%2Fwp%2Fv2%2Fmedia&parent=93843"}],"wp:term":[{"taxonomy":"category","embeddable":true,"href":"https:\/\/www.egemtv.com\/index.php?rest_route=%2Fwp%2Fv2%2Fcategories&post=93843"},{"taxonomy":"post_tag","embeddable":true,"href":"https:\/\/www.egemtv.com\/index.php?rest_route=%2Fwp%2Fv2%2Ftags&post=93843"}],"curies":[{"name":"wp","href":"https:\/\/api.w.org\/{rel}","templated":true}]}}