{"id":93840,"date":"2026-03-13T09:34:41","date_gmt":"2026-03-13T06:34:41","guid":{"rendered":"https:\/\/www.egemtv.com\/?p=93840"},"modified":"2026-03-13T09:34:42","modified_gmt":"2026-03-13T06:34:42","slug":"karacasuda-tarihi-eser-kacakciligi-operasyonu-7-adet-yunan-sikkesi-ele-gecirildi","status":"publish","type":"post","link":"https:\/\/www.egemtv.com\/?p=93840","title":{"rendered":"Karacasu\u2019da tarihi eser ka\u00e7ak\u00e7\u0131l\u0131\u011f\u0131 operasyonu: &#8220;7 adet Yunan sikkesi ele ge\u00e7irildi&#8221;"},"content":{"rendered":"<p>Ayd\u0131n\u2019\u0131n Karacasu il\u00e7esinde tarihi eser ka\u00e7ak\u00e7\u0131l\u0131\u011f\u0131 operasyonunda 7 adet g\u00fcm\u00fc\u015f Yunan sikkesi ve bir minyat\u00fcr heykel ele ge\u00e7irildi.<br \/>\n<br \/>Ayd\u0131n \u0130l Jandarma Komutanl\u0131\u011f\u0131 Karacasu \u0130l\u00e7e Jandarma Komutanl\u0131\u011f\u0131 ekiplerince 12 Mart 2026 tarihinde Yayk\u0131n Mahallesi\u2019nde \u0130. D. (63) isimli \u015fahs\u0131n ikametinde arama karar\u0131na istinaden arama yap\u0131ld\u0131. Yap\u0131lan aramada 7 adet Athena g\u00fcm\u00fc\u015f Yunan sikkesi oldu\u011fu de\u011ferlendirilen tarihi obje, 1 adet minyat\u00fcr heykel, 3 adet dedekt\u00f6r, 1 adet tabanca ve \u015farj\u00f6r\u00fc, 1 adet cep telefonu ele ge\u00e7irildi.<br \/>\n<br \/>Olayla ilgili adli tahkikat ba\u015flat\u0131ld\u0131\u011f\u0131 \u00f6\u011frenildi.<br \/><\/p>\n","protected":false},"excerpt":{"rendered":"<p>Ayd\u0131n\u2019\u0131n Karacasu il\u00e7esinde tarihi eser ka\u00e7ak\u00e7\u0131l\u0131\u011f\u0131 operasyonunda 7 adet g\u00fcm\u00fc\u015f Yunan sikkesi ve bir minyat\u00fcr heykel ele ge\u00e7irildi. Ayd\u0131n \u0130l Jandarma Komutanl\u0131\u011f\u0131 Karacasu \u0130l\u00e7e Jandarma Komutanl\u0131\u011f\u0131 ekiplerince 12 Mart 2026 tarihinde Yayk\u0131n Mahallesi\u2019nde \u0130. D. (63) isimli \u015fahs\u0131n ikametinde arama karar\u0131na istinaden arama yap\u0131ld\u0131. Yap\u0131lan aramada 7 adet Athena g\u00fcm\u00fc\u015f Yunan sikkesi oldu\u011fu de\u011ferlendirilen tarihi&#8230;<\/p>\n","protected":false},"author":1,"featured_media":93841,"comment_status":"open","ping_status":"open","sticky":false,"template":"","format":"standard","meta":{"_crdt_document":"","footnotes":""},"categories":[5],"tags":[],"class_list":["post-93840","post","type-post","status-publish","format-standard","has-post-thumbnail","hentry","category-asayis"],"_links":{"self":[{"href":"https:\/\/www.egemtv.com\/index.php?rest_route=\/wp\/v2\/posts\/93840","targetHints":{"allow":["GET"]}}],"collection":[{"href":"https:\/\/www.egemtv.com\/index.php?rest_route=\/wp\/v2\/posts"}],"about":[{"href":"https:\/\/www.egemtv.com\/index.php?rest_route=\/wp\/v2\/types\/post"}],"author":[{"embeddable":true,"href":"https:\/\/www.egemtv.com\/index.php?rest_route=\/wp\/v2\/users\/1"}],"replies":[{"embeddable":true,"href":"https:\/\/www.egemtv.com\/index.php?rest_route=%2Fwp%2Fv2%2Fcomments&post=93840"}],"version-history":[{"count":1,"href":"https:\/\/www.egemtv.com\/index.php?rest_route=\/wp\/v2\/posts\/93840\/revisions"}],"predecessor-version":[{"id":93842,"href":"https:\/\/www.egemtv.com\/index.php?rest_route=\/wp\/v2\/posts\/93840\/revisions\/93842"}],"wp:featuredmedia":[{"embeddable":true,"href":"https:\/\/www.egemtv.com\/index.php?rest_route=\/wp\/v2\/media\/93841"}],"wp:attachment":[{"href":"https:\/\/www.egemtv.com\/index.php?rest_route=%2Fwp%2Fv2%2Fmedia&parent=93840"}],"wp:term":[{"taxonomy":"category","embeddable":true,"href":"https:\/\/www.egemtv.com\/index.php?rest_route=%2Fwp%2Fv2%2Fcategories&post=93840"},{"taxonomy":"post_tag","embeddable":true,"href":"https:\/\/www.egemtv.com\/index.php?rest_route=%2Fwp%2Fv2%2Ftags&post=93840"}],"curies":[{"name":"wp","href":"https:\/\/api.w.org\/{rel}","templated":true}]}}