{"id":93837,"date":"2026-03-13T09:34:38","date_gmt":"2026-03-13T06:34:38","guid":{"rendered":"https:\/\/www.egemtv.com\/?p=93837"},"modified":"2026-03-13T09:34:40","modified_gmt":"2026-03-13T06:34:40","slug":"germencik-ve-sokede-16-duzensiz-gocmen-4-organizator-yakalandi","status":"publish","type":"post","link":"https:\/\/www.egemtv.com\/?p=93837","title":{"rendered":"Germencik ve S\u00f6ke\u2019de 16 d\u00fczensiz g\u00f6\u00e7men, 4 organizat\u00f6r yakaland\u0131"},"content":{"rendered":"<p>Ayd\u0131n\u2019\u0131n Germencik ve S\u00f6ke il\u00e7elerinde jandarma ekipleri taraf\u0131ndan yap\u0131lan operasyonlarda, 16 d\u00fczensiz g\u00f6\u00e7men ve 4 organizat\u00f6r yakaland\u0131.<br \/>\n<br \/>Ayd\u0131n \u0130l Jandarma Komutanl\u0131\u011f\u0131 G\u00f6\u00e7men Ka\u00e7ak\u00e7\u0131l\u0131\u011f\u0131 ve \u0130nsan Ticareti ile M\u00fccadele \u015eube M\u00fcd\u00fcrl\u00fc\u011f\u00fc, H\u0131d\u0131rbeyli Otoyol Jandarma Karakol Komutanl\u0131\u011f\u0131 ve S\u00f6ke \u0130l\u00e7e Jandarma Komutanl\u0131\u011f\u0131 ekiplerince 12 Mart 2026 tarihinde Germencik ve S\u00f6ke il\u00e7elerinde icra edilen yol kontrol faaliyetlerinde durdurulan \u00fc\u00e7 ara\u00e7ta kontrol ger\u00e7ekle\u015ftirdi.  Yap\u0131lan kontrollerde, S. B. (47), F. A. D. (23), Z. A. (26) ve U. K. (32) isimli organizat\u00f6rlerin y\u00f6nlendirmesiyle T\u00fcrkiye\u2019den yasad\u0131\u015f\u0131 yollarla \u00e7\u0131k\u0131\u015f yapmaya \u00e7al\u0131\u015fan 16 d\u00fczensiz g\u00f6\u00e7men yakaland\u0131. Organizat\u00f6r \u015fah\u0131slar g\u00f6zalt\u0131na al\u0131narak Kapal\u0131 Ceza \u0130nfaz Kurumu\u2019na teslim edilirken, d\u00fczensiz g\u00f6\u00e7menler ise i\u015flemlerinin tamamlanmas\u0131n\u0131n ard\u0131ndan G\u00d6KSEM\u2019e teslim edildi.<br \/><\/p>\n","protected":false},"excerpt":{"rendered":"<p>Ayd\u0131n\u2019\u0131n Germencik ve S\u00f6ke il\u00e7elerinde jandarma ekipleri taraf\u0131ndan yap\u0131lan operasyonlarda, 16 d\u00fczensiz g\u00f6\u00e7men ve 4 organizat\u00f6r yakaland\u0131. Ayd\u0131n \u0130l Jandarma Komutanl\u0131\u011f\u0131 G\u00f6\u00e7men Ka\u00e7ak\u00e7\u0131l\u0131\u011f\u0131 ve \u0130nsan Ticareti ile M\u00fccadele \u015eube M\u00fcd\u00fcrl\u00fc\u011f\u00fc, H\u0131d\u0131rbeyli Otoyol Jandarma Karakol Komutanl\u0131\u011f\u0131 ve S\u00f6ke \u0130l\u00e7e Jandarma Komutanl\u0131\u011f\u0131 ekiplerince 12 Mart 2026 tarihinde Germencik ve S\u00f6ke il\u00e7elerinde icra edilen yol kontrol faaliyetlerinde durdurulan&#8230;<\/p>\n","protected":false},"author":1,"featured_media":93838,"comment_status":"open","ping_status":"open","sticky":false,"template":"","format":"standard","meta":{"_crdt_document":"","footnotes":""},"categories":[5],"tags":[],"class_list":["post-93837","post","type-post","status-publish","format-standard","has-post-thumbnail","hentry","category-asayis"],"_links":{"self":[{"href":"https:\/\/www.egemtv.com\/index.php?rest_route=\/wp\/v2\/posts\/93837","targetHints":{"allow":["GET"]}}],"collection":[{"href":"https:\/\/www.egemtv.com\/index.php?rest_route=\/wp\/v2\/posts"}],"about":[{"href":"https:\/\/www.egemtv.com\/index.php?rest_route=\/wp\/v2\/types\/post"}],"author":[{"embeddable":true,"href":"https:\/\/www.egemtv.com\/index.php?rest_route=\/wp\/v2\/users\/1"}],"replies":[{"embeddable":true,"href":"https:\/\/www.egemtv.com\/index.php?rest_route=%2Fwp%2Fv2%2Fcomments&post=93837"}],"version-history":[{"count":1,"href":"https:\/\/www.egemtv.com\/index.php?rest_route=\/wp\/v2\/posts\/93837\/revisions"}],"predecessor-version":[{"id":93839,"href":"https:\/\/www.egemtv.com\/index.php?rest_route=\/wp\/v2\/posts\/93837\/revisions\/93839"}],"wp:featuredmedia":[{"embeddable":true,"href":"https:\/\/www.egemtv.com\/index.php?rest_route=\/wp\/v2\/media\/93838"}],"wp:attachment":[{"href":"https:\/\/www.egemtv.com\/index.php?rest_route=%2Fwp%2Fv2%2Fmedia&parent=93837"}],"wp:term":[{"taxonomy":"category","embeddable":true,"href":"https:\/\/www.egemtv.com\/index.php?rest_route=%2Fwp%2Fv2%2Fcategories&post=93837"},{"taxonomy":"post_tag","embeddable":true,"href":"https:\/\/www.egemtv.com\/index.php?rest_route=%2Fwp%2Fv2%2Ftags&post=93837"}],"curies":[{"name":"wp","href":"https:\/\/api.w.org\/{rel}","templated":true}]}}