{"id":93834,"date":"2026-03-13T09:34:34","date_gmt":"2026-03-13T06:34:34","guid":{"rendered":"https:\/\/www.egemtv.com\/?p=93834"},"modified":"2026-03-13T09:34:37","modified_gmt":"2026-03-13T06:34:37","slug":"jandarma-narkotik-affetmedi","status":"publish","type":"post","link":"https:\/\/www.egemtv.com\/?p=93834","title":{"rendered":"Jandarma narkotik affetmedi"},"content":{"rendered":"<p>Ayd\u0131n\u2019\u0131n Buharkent il\u00e7esinde evin i\u00e7erisine kurdu\u011fu \u00f6zel d\u00fczenekle kenevir yeti\u015ftiren \u015f\u00fcpheli jandarma narkotik ekipleri taraf\u0131ndan yakaland\u0131.<\/p>\n<p>Ayd\u0131n \u0130l Jandarma Komutanl\u0131\u011f\u0131 Narkotik Su\u00e7larla M\u00fccadele \u015eube M\u00fcd\u00fcrl\u00fc\u011f\u00fc ve Buharkent \u0130l\u00e7e Jandarma ekiplerince uyu\u015fturucu madde ticareti yapan \u015fah\u0131slara y\u00f6nelik y\u00fcr\u00fct\u00fclen \u00e7al\u0131\u015fmalar neticesinde S. G. (22) isimli \u015fahs\u0131n evinde arama yap\u0131ld\u0131. Yap\u0131lan aramada \u00f6zel olarak yap\u0131lan d\u00fczenek i\u00e7erisinde 8 k\u00f6k kenevir bitkisi, 1 adet 2&#215;1.80 metre iklimlendirme \u00e7ad\u0131r\u0131, 2 adet LED ayd\u0131nlatma, 1 adet 4\u2019l\u00fc priz, 4 adet uzatmal\u0131 ampul, 2 adet pH \u00f6l\u00e7me cihaz\u0131, 1 adet termometreye el konuldu.<\/p>\n<p>G\u00f6zalt\u0131na al\u0131nan \u015f\u00fcphelinin, ifadesinin al\u0131nmas\u0131n\u0131n ard\u0131ndan adli kontrol \u015fart\u0131yla serbest b\u0131rak\u0131ld\u0131\u011f\u0131 \u00f6\u011frenildi.<br \/><\/p>\n","protected":false},"excerpt":{"rendered":"<p>Ayd\u0131n\u2019\u0131n Buharkent il\u00e7esinde evin i\u00e7erisine kurdu\u011fu \u00f6zel d\u00fczenekle kenevir yeti\u015ftiren \u015f\u00fcpheli jandarma narkotik ekipleri taraf\u0131ndan yakaland\u0131. Ayd\u0131n \u0130l Jandarma Komutanl\u0131\u011f\u0131 Narkotik Su\u00e7larla M\u00fccadele \u015eube M\u00fcd\u00fcrl\u00fc\u011f\u00fc ve Buharkent \u0130l\u00e7e Jandarma ekiplerince uyu\u015fturucu madde ticareti yapan \u015fah\u0131slara y\u00f6nelik y\u00fcr\u00fct\u00fclen \u00e7al\u0131\u015fmalar neticesinde S. G. (22) isimli \u015fahs\u0131n evinde arama yap\u0131ld\u0131. Yap\u0131lan aramada \u00f6zel olarak yap\u0131lan d\u00fczenek i\u00e7erisinde 8&#8230;<\/p>\n","protected":false},"author":1,"featured_media":93835,"comment_status":"open","ping_status":"open","sticky":false,"template":"","format":"standard","meta":{"_crdt_document":"","footnotes":""},"categories":[5],"tags":[],"class_list":["post-93834","post","type-post","status-publish","format-standard","has-post-thumbnail","hentry","category-asayis"],"_links":{"self":[{"href":"https:\/\/www.egemtv.com\/index.php?rest_route=\/wp\/v2\/posts\/93834","targetHints":{"allow":["GET"]}}],"collection":[{"href":"https:\/\/www.egemtv.com\/index.php?rest_route=\/wp\/v2\/posts"}],"about":[{"href":"https:\/\/www.egemtv.com\/index.php?rest_route=\/wp\/v2\/types\/post"}],"author":[{"embeddable":true,"href":"https:\/\/www.egemtv.com\/index.php?rest_route=\/wp\/v2\/users\/1"}],"replies":[{"embeddable":true,"href":"https:\/\/www.egemtv.com\/index.php?rest_route=%2Fwp%2Fv2%2Fcomments&post=93834"}],"version-history":[{"count":1,"href":"https:\/\/www.egemtv.com\/index.php?rest_route=\/wp\/v2\/posts\/93834\/revisions"}],"predecessor-version":[{"id":93836,"href":"https:\/\/www.egemtv.com\/index.php?rest_route=\/wp\/v2\/posts\/93834\/revisions\/93836"}],"wp:featuredmedia":[{"embeddable":true,"href":"https:\/\/www.egemtv.com\/index.php?rest_route=\/wp\/v2\/media\/93835"}],"wp:attachment":[{"href":"https:\/\/www.egemtv.com\/index.php?rest_route=%2Fwp%2Fv2%2Fmedia&parent=93834"}],"wp:term":[{"taxonomy":"category","embeddable":true,"href":"https:\/\/www.egemtv.com\/index.php?rest_route=%2Fwp%2Fv2%2Fcategories&post=93834"},{"taxonomy":"post_tag","embeddable":true,"href":"https:\/\/www.egemtv.com\/index.php?rest_route=%2Fwp%2Fv2%2Ftags&post=93834"}],"curies":[{"name":"wp","href":"https:\/\/api.w.org\/{rel}","templated":true}]}}