{"id":93831,"date":"2026-03-13T09:14:28","date_gmt":"2026-03-13T06:14:28","guid":{"rendered":"https:\/\/www.egemtv.com\/?p=93831"},"modified":"2026-03-13T09:14:29","modified_gmt":"2026-03-13T06:14:29","slug":"adu-kurumsal-akreditasyon-almaya-hak-kazandi","status":"publish","type":"post","link":"https:\/\/www.egemtv.com\/?p=93831","title":{"rendered":"AD\u00dc kurumsal akreditasyon almaya hak kazand\u0131"},"content":{"rendered":"<p>Y\u00fcksek\u00f6\u011fretim Kalite Kurulu (Y\u00d6KAK) taraf\u0131ndan y\u00fcksek\u00f6\u011fretim kurumlar\u0131nda kalite g\u00fcvencesi sistemlerinin g\u00fc\u00e7lendirilmesi, s\u00fcrd\u00fcr\u00fclebilir kalite k\u00fclt\u00fcr\u00fcn\u00fcn yayg\u0131nla\u015ft\u0131r\u0131lmas\u0131 ve uluslararas\u0131 rekabet g\u00fcc\u00fcn\u00fcn art\u0131r\u0131lmas\u0131 amac\u0131yla y\u00fcr\u00fct\u00fclen Kurumsal Akreditasyon Program\u0131 (KAP) kapsam\u0131nda 2025 y\u0131l\u0131 de\u011ferlendirme s\u00fcreci tamamland\u0131. Mart 2026 tarihinde ger\u00e7ekle\u015ftirilen Y\u00d6KAK Kurul toplant\u0131s\u0131nda al\u0131nan kararla Adnan Menderes \u00dcniversitesi (AD\u00dc), Kurumsal Akreditasyon almaya hak kazanan \u00fcniversiteler aras\u0131nda yer ald\u0131.<br \/>\n<br \/>T\u00fcrkiye genelinde ger\u00e7ekle\u015ftirilen kapsaml\u0131 de\u011ferlendirme s\u00fcrecinin ard\u0131ndan 39 \u00fcniversite Kurumsal Akreditasyon almaya hak kazan\u0131rken, AD\u00dc de akreditasyon alan \u00fcniversiteler aras\u0131nda yer alarak kalite g\u00fcvencesi alan\u0131ndaki \u00e7al\u0131\u015fmalar\u0131n\u0131 tescillemi\u015f oldu.<br \/>\n<br \/>Kurumsal Akreditasyon Program\u0131; \u00fcniversitelerin e\u011fitim-\u00f6\u011fretim, ara\u015ft\u0131rma-geli\u015ftirme faaliyetleri, toplumsal katk\u0131 \u00e7al\u0131\u015fmalar\u0131, y\u00f6netim sistemi ve kalite g\u00fcvencesi mekanizmalar\u0131n\u0131n b\u00fct\u00fcnc\u00fcl bir yakla\u015f\u0131mla de\u011ferlendirilmesini kaps\u0131yor. Bu s\u00fcre\u00e7te \u00fcniversitelerin i\u00e7 kalite g\u00fcvence sistemleri, stratejik y\u00f6netim s\u00fcre\u00e7leri, payda\u015f kat\u0131l\u0131m\u0131, s\u00fcrekli iyile\u015ftirme mekanizmalar\u0131 ve kurumsal s\u00fcrd\u00fcr\u00fclebilirlik alanlar\u0131ndaki performanslar\u0131 detayl\u0131 bi\u00e7imde inceleniyor.<br \/>\n<br \/>AD\u00dc son y\u0131llarda kalite odakl\u0131 y\u00f6netim anlay\u0131\u015f\u0131 do\u011frultusunda y\u00fcr\u00fctt\u00fc\u011f\u00fc \u00e7al\u0131\u015fmalarla kurumsal geli\u015fimini g\u00fc\u00e7lendirirken; e\u011fitim-\u00f6\u011fretim kalitesinin art\u0131r\u0131lmas\u0131, ara\u015ft\u0131rma kapasitesinin geli\u015ftirilmesi ve toplumsal katk\u0131n\u0131n g\u00fc\u00e7lendirilmesine y\u00f6nelik \u00f6nemli ad\u0131mlar att\u0131. \u00dcniversitenin t\u00fcm akademik ve idari birimlerinin katk\u0131lar\u0131yla y\u00fcr\u00fct\u00fclen kalite s\u00fcre\u00e7leri, Y\u00d6KAK taraf\u0131ndan ger\u00e7ekle\u015ftirilen de\u011ferlendirmeler sonucunda Kurumsal Akreditasyon ile ta\u00e7land\u0131r\u0131ld\u0131.<br \/>\n<br \/>&#8220;Bu ba\u015far\u0131 3 y\u0131ll\u0131k yo\u011fun \u00e7al\u0131\u015fman\u0131n eseridir&#8221;<br \/>\n<br \/>Konuya ili\u015fkin de\u011ferlendirmede bulunan AD\u00dc Rekt\u00f6r\u00fc Prof. Dr. B\u00fclent Kent, elde edilen kurumsal akreditasyonun \u00fcniversitede son \u00fc\u00e7 y\u0131ld\u0131r y\u00fcr\u00fct\u00fclen yo\u011fun ve sistemli \u00e7al\u0131\u015fmalar\u0131n \u00f6nemli bir sonucu oldu\u011funu vurgulad\u0131. Rekt\u00f6r Kent, a\u00e7\u0131klamas\u0131nda \u015fu ifadelere yer verdi:<br \/>\n<br \/>&#8220;Kurumsal Akreditasyon, \u00fcniversitemizin kalite odakl\u0131 geli\u015fim vizyonunun somut bir g\u00f6stergesidir. Yakla\u015f\u0131k \u00fc\u00e7 y\u0131ld\u0131r b\u00fcy\u00fck bir titizlikle y\u00fcr\u00fctt\u00fc\u011f\u00fcm\u00fcz kalite s\u00fcre\u00e7leri bug\u00fcn \u00f6nemli bir ba\u015far\u0131yla sonu\u00e7lanm\u0131\u015ft\u0131r. E\u011fitim-\u00f6\u011fretimden ara\u015ft\u0131rma faaliyetlerine, toplumsal katk\u0131 \u00e7al\u0131\u015fmalar\u0131ndan y\u00f6netsel s\u00fcre\u00e7lere kadar t\u00fcm alanlarda kalite k\u00fclt\u00fcr\u00fcn\u00fc g\u00fc\u00e7lendirmek i\u00e7in kararl\u0131l\u0131kla \u00e7al\u0131\u015f\u0131yoruz. Y\u00d6KAK taraf\u0131ndan verilen bu akreditasyon, \u00fcniversitemizin kurumsal geli\u015fim yolculu\u011funda \u00f6nemli bir kilometre ta\u015f\u0131d\u0131r&#8221;<br \/>\n<br \/>Bu ba\u015far\u0131n\u0131n g\u00fc\u00e7l\u00fc bir kurumsal i\u015f birli\u011finin \u00fcr\u00fcn\u00fc oldu\u011funu belirten Rekt\u00f6r\u00fcm\u00fcz Prof. Dr. B\u00fclent  Kent, s\u00fcrece katk\u0131 sa\u011flayan t\u00fcm birimlere te\u015fekk\u00fcr ederek s\u00f6zlerini \u015f\u00f6yle s\u00fcrd\u00fcrd\u00fc:<br \/>\n<br \/>&#8220;Bu ba\u015far\u0131 yaln\u0131zca bir y\u00f6netim ba\u015far\u0131s\u0131 de\u011fil; \u00fcniversitemizin t\u00fcm payda\u015flar\u0131n\u0131n ortak eme\u011finin sonucudur. Ba\u015fta Rekt\u00f6r Yard\u0131mc\u0131m\u0131z Prof. Dr. Cemal \u0130yem olmak \u00fczere t\u00fcm dekanlar\u0131m\u0131z, y\u00fcksekokul ve meslek y\u00fcksekokulu m\u00fcd\u00fcrlerimiz, \u00dcniversite Kalite Kurulumuz, alt kalite komisyonlar\u0131m\u0131z, Kalite Koordinat\u00f6rl\u00fc\u011f\u00fcm\u00fcz, akademik ve idari personelimiz ile \u00f6\u011frencilerimizin katk\u0131lar\u0131 bu s\u00fcre\u00e7te son derece k\u0131ymetlidir. Her bir birimimizin g\u00f6sterdi\u011fi \u00f6zverili \u00e7al\u0131\u015fma bu ba\u015far\u0131y\u0131 m\u00fcmk\u00fcn k\u0131lm\u0131\u015ft\u0131r&#8221;<br \/>\n<br \/>Rekt\u00f6r Kent, \u00fcniversitenin kalite odakl\u0131 geli\u015fimini s\u00fcrd\u00fcrece\u011fini belirterek, Ayd\u0131n Adnan Menderes \u00dcniversitesi\u2019nin ara\u015ft\u0131rma \u00fcniversitesi olma hedefi do\u011frultusunda emin ad\u0131mlarla ilerledi\u011fini ifade etti. Rekt\u00f6r Kent, kalite g\u00fcvencesi k\u00fclt\u00fcr\u00fcn\u00fcn kurumsal yap\u0131 i\u00e7erisinde daha da g\u00fc\u00e7lendirilmesi i\u00e7in \u00e7al\u0131\u015fmalar\u0131n kararl\u0131l\u0131kla devam edece\u011fini vurgulad\u0131.<br \/><\/p>\n","protected":false},"excerpt":{"rendered":"<p>Y\u00fcksek\u00f6\u011fretim Kalite Kurulu (Y\u00d6KAK) taraf\u0131ndan y\u00fcksek\u00f6\u011fretim kurumlar\u0131nda kalite g\u00fcvencesi sistemlerinin g\u00fc\u00e7lendirilmesi, s\u00fcrd\u00fcr\u00fclebilir kalite k\u00fclt\u00fcr\u00fcn\u00fcn yayg\u0131nla\u015ft\u0131r\u0131lmas\u0131 ve uluslararas\u0131 rekabet g\u00fcc\u00fcn\u00fcn art\u0131r\u0131lmas\u0131 amac\u0131yla y\u00fcr\u00fct\u00fclen Kurumsal Akreditasyon Program\u0131 (KAP) kapsam\u0131nda 2025 y\u0131l\u0131 de\u011ferlendirme s\u00fcreci tamamland\u0131. Mart 2026 tarihinde ger\u00e7ekle\u015ftirilen Y\u00d6KAK Kurul toplant\u0131s\u0131nda al\u0131nan kararla Adnan Menderes \u00dcniversitesi (AD\u00dc), Kurumsal Akreditasyon almaya hak kazanan \u00fcniversiteler aras\u0131nda yer ald\u0131. T\u00fcrkiye&#8230;<\/p>\n","protected":false},"author":1,"featured_media":93832,"comment_status":"open","ping_status":"open","sticky":false,"template":"","format":"standard","meta":{"_crdt_document":"","footnotes":""},"categories":[1],"tags":[],"class_list":["post-93831","post","type-post","status-publish","format-standard","has-post-thumbnail","hentry","category-guncel"],"_links":{"self":[{"href":"https:\/\/www.egemtv.com\/index.php?rest_route=\/wp\/v2\/posts\/93831","targetHints":{"allow":["GET"]}}],"collection":[{"href":"https:\/\/www.egemtv.com\/index.php?rest_route=\/wp\/v2\/posts"}],"about":[{"href":"https:\/\/www.egemtv.com\/index.php?rest_route=\/wp\/v2\/types\/post"}],"author":[{"embeddable":true,"href":"https:\/\/www.egemtv.com\/index.php?rest_route=\/wp\/v2\/users\/1"}],"replies":[{"embeddable":true,"href":"https:\/\/www.egemtv.com\/index.php?rest_route=%2Fwp%2Fv2%2Fcomments&post=93831"}],"version-history":[{"count":1,"href":"https:\/\/www.egemtv.com\/index.php?rest_route=\/wp\/v2\/posts\/93831\/revisions"}],"predecessor-version":[{"id":93833,"href":"https:\/\/www.egemtv.com\/index.php?rest_route=\/wp\/v2\/posts\/93831\/revisions\/93833"}],"wp:featuredmedia":[{"embeddable":true,"href":"https:\/\/www.egemtv.com\/index.php?rest_route=\/wp\/v2\/media\/93832"}],"wp:attachment":[{"href":"https:\/\/www.egemtv.com\/index.php?rest_route=%2Fwp%2Fv2%2Fmedia&parent=93831"}],"wp:term":[{"taxonomy":"category","embeddable":true,"href":"https:\/\/www.egemtv.com\/index.php?rest_route=%2Fwp%2Fv2%2Fcategories&post=93831"},{"taxonomy":"post_tag","embeddable":true,"href":"https:\/\/www.egemtv.com\/index.php?rest_route=%2Fwp%2Fv2%2Ftags&post=93831"}],"curies":[{"name":"wp","href":"https:\/\/api.w.org\/{rel}","templated":true}]}}