{"id":93828,"date":"2026-03-13T08:54:44","date_gmt":"2026-03-13T05:54:44","guid":{"rendered":"https:\/\/www.egemtv.com\/?p=93828"},"modified":"2026-03-13T08:54:45","modified_gmt":"2026-03-13T05:54:45","slug":"didim-belediyesi-kadin-meclisi-mart-ayi-toplantisi-gerceklestirildi","status":"publish","type":"post","link":"https:\/\/www.egemtv.com\/?p=93828","title":{"rendered":"Didim Belediyesi Kad\u0131n Meclisi Mart ay\u0131 toplant\u0131s\u0131 ger\u00e7ekle\u015ftirildi"},"content":{"rendered":"<p>Kentte kad\u0131nlar\u0131n sosyal hayata kat\u0131l\u0131m\u0131n\u0131 art\u0131rmak ve yerel y\u00f6netim s\u00fcre\u00e7lerinde daha aktif rol almalar\u0131n\u0131 sa\u011flamak amac\u0131yla Didim Belediyesi Kad\u0131n Meclisi\u2019nin Mart ay\u0131 toplant\u0131s\u0131 ger\u00e7ekle\u015ftirildi.<br \/>\n<br \/>Toplant\u0131da kad\u0131nlar\u0131n kent ya\u015fam\u0131ndaki yeri, sosyal projeler ve kad\u0131nlara y\u00f6nelik yap\u0131labilecek \u00e7al\u0131\u015fmalar ele al\u0131nd\u0131. Didim Belediye Ba\u015fkan\u0131 Hatice Gen\u00e7ay\u2019\u0131n da kat\u0131ld\u0131\u011f\u0131 toplant\u0131da, kad\u0131nlar\u0131n yerel y\u00f6netimlerde daha g\u00fc\u00e7l\u00fc \u015fekilde temsil edilmesi ve toplumsal ya\u015famda daha aktif rol almas\u0131 i\u00e7in fikir al\u0131\u015fveri\u015finde bulunuldu.<br \/>\n<br \/>Ger\u00e7ekle\u015ftirilen toplant\u0131da, kad\u0131nlar\u0131n kent ya\u015fam\u0131na daha etkin kat\u0131l\u0131m\u0131n\u0131 sa\u011flayacak projeler ve sosyal \u00e7al\u0131\u015fmalar \u00fczerine de\u011ferlendirmelerde bulunuldu. Kad\u0131nlar\u0131n g\u00f6r\u00fc\u015f ve \u00f6nerilerinin payla\u015f\u0131ld\u0131\u011f\u0131 toplant\u0131, ortak ak\u0131l ve kat\u0131l\u0131mc\u0131 belediyecilik anlay\u0131\u015f\u0131 do\u011frultusunda \u00f6nemli bir bulu\u015fma oldu.<br \/>\n<br \/>Ba\u015fkan Hatice Gen\u00e7ay: &#8220;Kad\u0131nlar\u0131n sesi yerel y\u00f6netimde daha g\u00fc\u00e7l\u00fc duyulacak&#8221;<br \/>\n<br \/>Toplant\u0131ya ili\u015fkin de\u011ferlendirmede bulunan Didim Belediye Ba\u015fkan\u0131 Hatice Gen\u00e7ay, &#8220;Kad\u0131nlar\u0131n kent ya\u015fam\u0131nda daha aktif olmas\u0131 ve karar s\u00fcre\u00e7lerine kat\u0131lmas\u0131 bizim i\u00e7in \u00e7ok \u00f6nemli. Kad\u0131n Meclisi toplant\u0131lar\u0131yla kad\u0131nlar\u0131n g\u00f6r\u00fc\u015f ve \u00f6nerilerini dinliyor, kentimizi birlikte y\u00f6netme anlay\u0131\u015f\u0131yla \u00e7al\u0131\u015fmalar\u0131m\u0131z\u0131 s\u00fcrd\u00fcr\u00fcyoruz. Kad\u0131nlar\u0131n sesi yerel y\u00f6netimde daha g\u00fc\u00e7l\u00fc duyulmaya devam edecek&#8221; ifadelerini kulland\u0131.<br \/><\/p>\n","protected":false},"excerpt":{"rendered":"<p>Kentte kad\u0131nlar\u0131n sosyal hayata kat\u0131l\u0131m\u0131n\u0131 art\u0131rmak ve yerel y\u00f6netim s\u00fcre\u00e7lerinde daha aktif rol almalar\u0131n\u0131 sa\u011flamak amac\u0131yla Didim Belediyesi Kad\u0131n Meclisi\u2019nin Mart ay\u0131 toplant\u0131s\u0131 ger\u00e7ekle\u015ftirildi. Toplant\u0131da kad\u0131nlar\u0131n kent ya\u015fam\u0131ndaki yeri, sosyal projeler ve kad\u0131nlara y\u00f6nelik yap\u0131labilecek \u00e7al\u0131\u015fmalar ele al\u0131nd\u0131. Didim Belediye Ba\u015fkan\u0131 Hatice Gen\u00e7ay\u2019\u0131n da kat\u0131ld\u0131\u011f\u0131 toplant\u0131da, kad\u0131nlar\u0131n yerel y\u00f6netimlerde daha g\u00fc\u00e7l\u00fc \u015fekilde temsil edilmesi ve&#8230;<\/p>\n","protected":false},"author":1,"featured_media":93829,"comment_status":"open","ping_status":"open","sticky":false,"template":"","format":"standard","meta":{"_crdt_document":"","footnotes":""},"categories":[1],"tags":[],"class_list":["post-93828","post","type-post","status-publish","format-standard","has-post-thumbnail","hentry","category-guncel"],"_links":{"self":[{"href":"https:\/\/www.egemtv.com\/index.php?rest_route=\/wp\/v2\/posts\/93828","targetHints":{"allow":["GET"]}}],"collection":[{"href":"https:\/\/www.egemtv.com\/index.php?rest_route=\/wp\/v2\/posts"}],"about":[{"href":"https:\/\/www.egemtv.com\/index.php?rest_route=\/wp\/v2\/types\/post"}],"author":[{"embeddable":true,"href":"https:\/\/www.egemtv.com\/index.php?rest_route=\/wp\/v2\/users\/1"}],"replies":[{"embeddable":true,"href":"https:\/\/www.egemtv.com\/index.php?rest_route=%2Fwp%2Fv2%2Fcomments&post=93828"}],"version-history":[{"count":1,"href":"https:\/\/www.egemtv.com\/index.php?rest_route=\/wp\/v2\/posts\/93828\/revisions"}],"predecessor-version":[{"id":93830,"href":"https:\/\/www.egemtv.com\/index.php?rest_route=\/wp\/v2\/posts\/93828\/revisions\/93830"}],"wp:featuredmedia":[{"embeddable":true,"href":"https:\/\/www.egemtv.com\/index.php?rest_route=\/wp\/v2\/media\/93829"}],"wp:attachment":[{"href":"https:\/\/www.egemtv.com\/index.php?rest_route=%2Fwp%2Fv2%2Fmedia&parent=93828"}],"wp:term":[{"taxonomy":"category","embeddable":true,"href":"https:\/\/www.egemtv.com\/index.php?rest_route=%2Fwp%2Fv2%2Fcategories&post=93828"},{"taxonomy":"post_tag","embeddable":true,"href":"https:\/\/www.egemtv.com\/index.php?rest_route=%2Fwp%2Fv2%2Ftags&post=93828"}],"curies":[{"name":"wp","href":"https:\/\/api.w.org\/{rel}","templated":true}]}}