{"id":93825,"date":"2026-03-13T08:54:43","date_gmt":"2026-03-13T05:54:43","guid":{"rendered":"https:\/\/www.egemtv.com\/?p=93825"},"modified":"2026-03-13T08:54:44","modified_gmt":"2026-03-13T05:54:44","slug":"denizkoy-sakinleri-didim-belediyesinin-iftar-sofrasinda-bulustu","status":"publish","type":"post","link":"https:\/\/www.egemtv.com\/?p=93825","title":{"rendered":"Denizk\u00f6y sakinleri Didim Belediyesi\u2019nin iftar sofras\u0131nda bulu\u015ftu"},"content":{"rendered":"<p>Ramazan ay\u0131 dolay\u0131s\u0131yla birlik, beraberlik ve dayan\u0131\u015fma ruhunu ya\u015fatmak amac\u0131yla Didim Belediyesi taraf\u0131ndan ba\u015flat\u0131lan iftar programlar\u0131 devam ediyor.<\/p>\n<p>Mahalle sakinlerinin yo\u011fun ilgi g\u00f6sterdi\u011fi iftar yeme\u011finde, Ramazan ay\u0131n\u0131n bereketi ve payla\u015fma k\u00fclt\u00fcr\u00fc ayn\u0131 sofrada ya\u015fand\u0131. Mahalle sakinleri iftar saatinde bir araya gelerek oru\u00e7lar\u0131n\u0131 birlikte a\u00e7t\u0131. \u0130ftar program\u0131nda halkla sohbet eden belediye ba\u015fkanlar\u0131, Ramazan ay\u0131n\u0131n birlik ve beraberli\u011fi g\u00fc\u00e7lendiren \u00f6nemli bir d\u00f6nem oldu\u011funu ifade etti.<\/p>\n<p>Programla ilgili a\u00e7\u0131klamalarda bulunan Hatice Gen\u00e7ay, Ramazan ay\u0131n\u0131n dayan\u0131\u015fma ve payla\u015fma ay\u0131 oldu\u011funa dikkat \u00e7ekerek \u015fu ifadeleri kulland\u0131:<br \/>\n<br \/>&#8220;Ramazan ay\u0131n\u0131n bereketini ve dayan\u0131\u015fma ruhunu hem\u015fehrilerimizle birlikte ya\u015famaktan b\u00fcy\u00fck mutluluk duyuyoruz. Denizk\u00f6y Mahallemizde kurdu\u011fumuz iftar sofram\u0131zda halkm\u0131zla bir araya geldik. Bu m\u00fcbarek ay boyunca farkl\u0131 mahallelerimizde de iftar sofralar\u0131 kurarak birlik ve beraberli\u011fimizi peki\u015ftirmeye devam edece\u011fiz&#8221;<\/p>\n<p>Program kapsam\u0131nda Denizk\u00f6y Mahallesi\u2019nde ger\u00e7ekle\u015ftirilen iftar program\u0131na Didim Belediye Ba\u015fkan\u0131 Hatice Gen\u00e7ay, \u00c7ine Belediye Ba\u015fkan\u0131 Mehmet K\u0131vrak, Karacasu Belediye Ba\u015fkan\u0131 Mustafa B\u00fcy\u00fckyap\u0131c\u0131, Bozdo\u011fan Belediye Ba\u015fkan\u0131 Mustafa Galip \u00d6zel, Ko\u00e7arl\u0131 Belediye Ba\u015fkan\u0131 \u00d6zg\u00fcr Ar\u0131c\u0131, CHP Ayd\u0131n \u0130l Ba\u015fkan\u0131 Hikmet Saat\u00e7\u0131, partililer, Denizk\u00f6y Mahalle Muhtar\u0131 Nurettin Y\u0131lmaz ve Denizk\u00f6y Mahallesi sakinleri kat\u0131ld\u0131.<br \/><\/p>\n","protected":false},"excerpt":{"rendered":"<p>Ramazan ay\u0131 dolay\u0131s\u0131yla birlik, beraberlik ve dayan\u0131\u015fma ruhunu ya\u015fatmak amac\u0131yla Didim Belediyesi taraf\u0131ndan ba\u015flat\u0131lan iftar programlar\u0131 devam ediyor. Mahalle sakinlerinin yo\u011fun ilgi g\u00f6sterdi\u011fi iftar yeme\u011finde, Ramazan ay\u0131n\u0131n bereketi ve payla\u015fma k\u00fclt\u00fcr\u00fc ayn\u0131 sofrada ya\u015fand\u0131. Mahalle sakinleri iftar saatinde bir araya gelerek oru\u00e7lar\u0131n\u0131 birlikte a\u00e7t\u0131. \u0130ftar program\u0131nda halkla sohbet eden belediye ba\u015fkanlar\u0131, Ramazan ay\u0131n\u0131n birlik ve&#8230;<\/p>\n","protected":false},"author":1,"featured_media":93826,"comment_status":"open","ping_status":"open","sticky":false,"template":"","format":"standard","meta":{"_crdt_document":"","footnotes":""},"categories":[1],"tags":[],"class_list":["post-93825","post","type-post","status-publish","format-standard","has-post-thumbnail","hentry","category-guncel"],"_links":{"self":[{"href":"https:\/\/www.egemtv.com\/index.php?rest_route=\/wp\/v2\/posts\/93825","targetHints":{"allow":["GET"]}}],"collection":[{"href":"https:\/\/www.egemtv.com\/index.php?rest_route=\/wp\/v2\/posts"}],"about":[{"href":"https:\/\/www.egemtv.com\/index.php?rest_route=\/wp\/v2\/types\/post"}],"author":[{"embeddable":true,"href":"https:\/\/www.egemtv.com\/index.php?rest_route=\/wp\/v2\/users\/1"}],"replies":[{"embeddable":true,"href":"https:\/\/www.egemtv.com\/index.php?rest_route=%2Fwp%2Fv2%2Fcomments&post=93825"}],"version-history":[{"count":1,"href":"https:\/\/www.egemtv.com\/index.php?rest_route=\/wp\/v2\/posts\/93825\/revisions"}],"predecessor-version":[{"id":93827,"href":"https:\/\/www.egemtv.com\/index.php?rest_route=\/wp\/v2\/posts\/93825\/revisions\/93827"}],"wp:featuredmedia":[{"embeddable":true,"href":"https:\/\/www.egemtv.com\/index.php?rest_route=\/wp\/v2\/media\/93826"}],"wp:attachment":[{"href":"https:\/\/www.egemtv.com\/index.php?rest_route=%2Fwp%2Fv2%2Fmedia&parent=93825"}],"wp:term":[{"taxonomy":"category","embeddable":true,"href":"https:\/\/www.egemtv.com\/index.php?rest_route=%2Fwp%2Fv2%2Fcategories&post=93825"},{"taxonomy":"post_tag","embeddable":true,"href":"https:\/\/www.egemtv.com\/index.php?rest_route=%2Fwp%2Fv2%2Ftags&post=93825"}],"curies":[{"name":"wp","href":"https:\/\/api.w.org\/{rel}","templated":true}]}}