{"id":93822,"date":"2026-03-13T08:54:42","date_gmt":"2026-03-13T05:54:42","guid":{"rendered":"https:\/\/www.egemtv.com\/?p=93822"},"modified":"2026-03-13T08:54:42","modified_gmt":"2026-03-13T05:54:42","slug":"kusadasi-belediye-baskani-omer-gunel-gozaltina-alindi","status":"publish","type":"post","link":"https:\/\/www.egemtv.com\/?p=93822","title":{"rendered":"Ku\u015fadas\u0131 Belediye Ba\u015fkan\u0131 \u00d6mer G\u00fcnel g\u00f6zalt\u0131na al\u0131nd\u0131"},"content":{"rendered":"<p>Ku\u015fadas\u0131 Belediye Ba\u015fkan\u0131 \u00d6mer G\u00fcnel\u2019in \u0130stanbul polisi taraf\u0131ndan g\u00f6zalt\u0131na al\u0131nd\u0131\u011f\u0131 \u00f6\u011frenildi.<br \/>\n<br \/>Ku\u015fadas\u0131 Belediye Ba\u015fkan\u0131 \u00d6mer G\u00fcnel\u2019in bir soru\u015fturma \u00e7er\u00e7evesinde \u0130stanbul polisi taraf\u0131ndan g\u00f6zalt\u0131na al\u0131nd\u0131\u011f\u0131 \u00f6\u011frenildi. Olay Belediye yetkilileri taraf\u0131ndan do\u011frulan\u0131rken, ayn\u0131 soru\u015fturma kapsam\u0131nda Ku\u015fadas\u0131 Belediyesi \u0130mar M\u00fcd\u00fcr\u00fc Ahmet Ta\u015fk\u0131n\u2019\u0131n da g\u00f6zalt\u0131na al\u0131nd\u0131\u011f\u0131 \u00f6\u011frenildi. \u00d6mer G\u00fcnel\u2019in \u0130stanbul\u2019da Ahmet Ta\u015fk\u0131n\u2019\u0131n ise Ku\u015fadas\u0131\u2019nda g\u00f6zalt\u0131na al\u0131nd\u0131\u011f\u0131 \u00f6\u011frenilirken konuyla ilgili hen\u00fcz herhangi bir resmi a\u00e7\u0131klama yap\u0131lmad\u0131.<br \/><\/p>\n","protected":false},"excerpt":{"rendered":"<p>Ku\u015fadas\u0131 Belediye Ba\u015fkan\u0131 \u00d6mer G\u00fcnel\u2019in \u0130stanbul polisi taraf\u0131ndan g\u00f6zalt\u0131na al\u0131nd\u0131\u011f\u0131 \u00f6\u011frenildi. Ku\u015fadas\u0131 Belediye Ba\u015fkan\u0131 \u00d6mer G\u00fcnel\u2019in bir soru\u015fturma \u00e7er\u00e7evesinde \u0130stanbul polisi taraf\u0131ndan g\u00f6zalt\u0131na al\u0131nd\u0131\u011f\u0131 \u00f6\u011frenildi. Olay Belediye yetkilileri taraf\u0131ndan do\u011frulan\u0131rken, ayn\u0131 soru\u015fturma kapsam\u0131nda Ku\u015fadas\u0131 Belediyesi \u0130mar M\u00fcd\u00fcr\u00fc Ahmet Ta\u015fk\u0131n\u2019\u0131n da g\u00f6zalt\u0131na al\u0131nd\u0131\u011f\u0131 \u00f6\u011frenildi. \u00d6mer G\u00fcnel\u2019in \u0130stanbul\u2019da Ahmet Ta\u015fk\u0131n\u2019\u0131n ise Ku\u015fadas\u0131\u2019nda g\u00f6zalt\u0131na al\u0131nd\u0131\u011f\u0131 \u00f6\u011frenilirken konuyla ilgili&#8230;<\/p>\n","protected":false},"author":1,"featured_media":93823,"comment_status":"open","ping_status":"open","sticky":false,"template":"","format":"standard","meta":{"_crdt_document":"","footnotes":""},"categories":[5],"tags":[],"class_list":["post-93822","post","type-post","status-publish","format-standard","has-post-thumbnail","hentry","category-asayis"],"_links":{"self":[{"href":"https:\/\/www.egemtv.com\/index.php?rest_route=\/wp\/v2\/posts\/93822","targetHints":{"allow":["GET"]}}],"collection":[{"href":"https:\/\/www.egemtv.com\/index.php?rest_route=\/wp\/v2\/posts"}],"about":[{"href":"https:\/\/www.egemtv.com\/index.php?rest_route=\/wp\/v2\/types\/post"}],"author":[{"embeddable":true,"href":"https:\/\/www.egemtv.com\/index.php?rest_route=\/wp\/v2\/users\/1"}],"replies":[{"embeddable":true,"href":"https:\/\/www.egemtv.com\/index.php?rest_route=%2Fwp%2Fv2%2Fcomments&post=93822"}],"version-history":[{"count":1,"href":"https:\/\/www.egemtv.com\/index.php?rest_route=\/wp\/v2\/posts\/93822\/revisions"}],"predecessor-version":[{"id":93824,"href":"https:\/\/www.egemtv.com\/index.php?rest_route=\/wp\/v2\/posts\/93822\/revisions\/93824"}],"wp:featuredmedia":[{"embeddable":true,"href":"https:\/\/www.egemtv.com\/index.php?rest_route=\/wp\/v2\/media\/93823"}],"wp:attachment":[{"href":"https:\/\/www.egemtv.com\/index.php?rest_route=%2Fwp%2Fv2%2Fmedia&parent=93822"}],"wp:term":[{"taxonomy":"category","embeddable":true,"href":"https:\/\/www.egemtv.com\/index.php?rest_route=%2Fwp%2Fv2%2Fcategories&post=93822"},{"taxonomy":"post_tag","embeddable":true,"href":"https:\/\/www.egemtv.com\/index.php?rest_route=%2Fwp%2Fv2%2Ftags&post=93822"}],"curies":[{"name":"wp","href":"https:\/\/api.w.org\/{rel}","templated":true}]}}