{"id":93819,"date":"2026-03-13T08:54:40","date_gmt":"2026-03-13T05:54:40","guid":{"rendered":"https:\/\/www.egemtv.com\/?p=93819"},"modified":"2026-03-13T08:54:41","modified_gmt":"2026-03-13T05:54:41","slug":"fuar-aydin-ege-kariyer-fuarina-ev-sahipligi-yapacak","status":"publish","type":"post","link":"https:\/\/www.egemtv.com\/?p=93819","title":{"rendered":"Fuar Ayd\u0131n, Ege Kariyer Fuar\u0131\u2019na ev sahipli\u011fi yapacak"},"content":{"rendered":"<p>Ayd\u0131n B\u00fcy\u00fck\u015fehir Belediye Ba\u015fkan\u0131 \u00d6zlem \u00c7er\u00e7io\u011flu taraf\u0131ndan kente kazand\u0131r\u0131lan Fuar Ayd\u0131n, \u00f6nemli bir etkinli\u011fe daha ev sahipli\u011fi yapmaya haz\u0131rlan\u0131yor.<\/p>\n<p>Ege Kariyer Fuar\u0131, 15-16 Nisan tarihlerinde Fuar Ayd\u0131n\u2019da d\u00fczenlenecek. \u00dcniversite \u00f6\u011frencileri ba\u015fta olmak \u00fczere gen\u00e7lerin kariyer yolculu\u011funda \u00f6nemli bir ad\u0131m atmas\u0131na imkan sa\u011flayacak fuar i\u00e7in Ayd\u0131n B\u00fcy\u00fck\u015fehir Belediyesi ile Ayd\u0131n Adnan Menderes \u00dcniversitesi aras\u0131nda i\u015f birli\u011fi protokol\u00fc imzaland\u0131.<\/p>\n<p>Ayd\u0131n Adnan Menderes \u00dcniversitesi Rekt\u00f6r\u00fc Prof. Dr. B\u00fclent Kent, Ayd\u0131n B\u00fcy\u00fck\u015fehir Belediye Ba\u015fkan\u0131 \u00d6zlem \u00c7er\u00e7io\u011flu\u2019nu ziyaret etti. Ege Kariyer Fuar\u0131 2026 kapsam\u0131nda haz\u0131rlanan i\u015f birli\u011fi protokol\u00fcne imzalar Ba\u015fkan \u00c7er\u00e7io\u011flu ile Rekt\u00f6r Kent taraf\u0131ndan at\u0131ld\u0131. Ba\u015fkan \u00c7er\u00e7io\u011flu ve Kent, i\u015f birli\u011finin Ayd\u0131n\u2019a ve kentte ya\u015fayan gen\u00e7ler ile \u00f6\u011frencilere hay\u0131rl\u0131 olmas\u0131n\u0131 diledi.<br \/><\/p>\n","protected":false},"excerpt":{"rendered":"<p>Ayd\u0131n B\u00fcy\u00fck\u015fehir Belediye Ba\u015fkan\u0131 \u00d6zlem \u00c7er\u00e7io\u011flu taraf\u0131ndan kente kazand\u0131r\u0131lan Fuar Ayd\u0131n, \u00f6nemli bir etkinli\u011fe daha ev sahipli\u011fi yapmaya haz\u0131rlan\u0131yor. Ege Kariyer Fuar\u0131, 15-16 Nisan tarihlerinde Fuar Ayd\u0131n\u2019da d\u00fczenlenecek. \u00dcniversite \u00f6\u011frencileri ba\u015fta olmak \u00fczere gen\u00e7lerin kariyer yolculu\u011funda \u00f6nemli bir ad\u0131m atmas\u0131na imkan sa\u011flayacak fuar i\u00e7in Ayd\u0131n B\u00fcy\u00fck\u015fehir Belediyesi ile Ayd\u0131n Adnan Menderes \u00dcniversitesi aras\u0131nda i\u015f birli\u011fi&#8230;<\/p>\n","protected":false},"author":1,"featured_media":93820,"comment_status":"open","ping_status":"open","sticky":false,"template":"","format":"standard","meta":{"_crdt_document":"","footnotes":""},"categories":[1],"tags":[],"class_list":["post-93819","post","type-post","status-publish","format-standard","has-post-thumbnail","hentry","category-guncel"],"_links":{"self":[{"href":"https:\/\/www.egemtv.com\/index.php?rest_route=\/wp\/v2\/posts\/93819","targetHints":{"allow":["GET"]}}],"collection":[{"href":"https:\/\/www.egemtv.com\/index.php?rest_route=\/wp\/v2\/posts"}],"about":[{"href":"https:\/\/www.egemtv.com\/index.php?rest_route=\/wp\/v2\/types\/post"}],"author":[{"embeddable":true,"href":"https:\/\/www.egemtv.com\/index.php?rest_route=\/wp\/v2\/users\/1"}],"replies":[{"embeddable":true,"href":"https:\/\/www.egemtv.com\/index.php?rest_route=%2Fwp%2Fv2%2Fcomments&post=93819"}],"version-history":[{"count":1,"href":"https:\/\/www.egemtv.com\/index.php?rest_route=\/wp\/v2\/posts\/93819\/revisions"}],"predecessor-version":[{"id":93821,"href":"https:\/\/www.egemtv.com\/index.php?rest_route=\/wp\/v2\/posts\/93819\/revisions\/93821"}],"wp:featuredmedia":[{"embeddable":true,"href":"https:\/\/www.egemtv.com\/index.php?rest_route=\/wp\/v2\/media\/93820"}],"wp:attachment":[{"href":"https:\/\/www.egemtv.com\/index.php?rest_route=%2Fwp%2Fv2%2Fmedia&parent=93819"}],"wp:term":[{"taxonomy":"category","embeddable":true,"href":"https:\/\/www.egemtv.com\/index.php?rest_route=%2Fwp%2Fv2%2Fcategories&post=93819"},{"taxonomy":"post_tag","embeddable":true,"href":"https:\/\/www.egemtv.com\/index.php?rest_route=%2Fwp%2Fv2%2Ftags&post=93819"}],"curies":[{"name":"wp","href":"https:\/\/api.w.org\/{rel}","templated":true}]}}