{"id":93813,"date":"2026-03-12T23:34:34","date_gmt":"2026-03-12T20:34:34","guid":{"rendered":"https:\/\/www.egemtv.com\/?p=93813"},"modified":"2026-03-12T23:34:36","modified_gmt":"2026-03-12T20:34:36","slug":"burdurda-27-yasindaki-genc-evinde-olu-bulundu","status":"publish","type":"post","link":"https:\/\/www.egemtv.com\/?p=93813","title":{"rendered":"Burdur\u2019da 27 ya\u015f\u0131ndaki gen\u00e7 evinde \u00f6l\u00fc bulundu"},"content":{"rendered":"<p>Burdur\u2019da ailesi ile birlikte ya\u015fayan 27 ya\u015f\u0131ndaki gen\u00e7, evinde silahla vurulmu\u015f halde \u00f6l\u00fc bulundu.<br \/>\n<br \/>Olay, saat 17.00 s\u0131ralar\u0131nda Dere Mahallesi \u00c7\u00f6\u011f\u00fcr Sokak \u00fczerinde bulunan bir evde meydana geldi. Edinilen bilgiye g\u00f6re, ailesi ile ya\u015fayan \u00dcmit D. (27) evinde yak\u0131nlar\u0131 taraf\u0131ndan silahla vurulmu\u015f halde bulundu. \u0130hbar \u00fczerine adrese sa\u011fl\u0131k ve polis ekipleri sevk edildi. Ekipler taraf\u0131ndan yap\u0131lan incelemede gencin hayat\u0131n\u0131 kaybetti\u011fi belirlendi. Haberi alan gencin yak\u0131nlar\u0131 b\u00fcy\u00fck \u00fcz\u00fcnt\u00fc ya\u015farken gencin cenazesi yap\u0131lan incelemenin ard\u0131ndan otopsi i\u00e7in Burdur Devlet Hastanesine g\u00f6t\u00fcr\u00fcld\u00fc. Polis ekiplerinin de\u011ferlendirmesi sonucu \u00dcmit D.\u2019nin intihar etti\u011fi ihtimali \u00fczerinde durulurken, olayla ilgili tahkikat ba\u015flat\u0131ld\u0131.<br \/><\/p>\n","protected":false},"excerpt":{"rendered":"<p>Burdur\u2019da ailesi ile birlikte ya\u015fayan 27 ya\u015f\u0131ndaki gen\u00e7, evinde silahla vurulmu\u015f halde \u00f6l\u00fc bulundu. Olay, saat 17.00 s\u0131ralar\u0131nda Dere Mahallesi \u00c7\u00f6\u011f\u00fcr Sokak \u00fczerinde bulunan bir evde meydana geldi. Edinilen bilgiye g\u00f6re, ailesi ile ya\u015fayan \u00dcmit D. (27) evinde yak\u0131nlar\u0131 taraf\u0131ndan silahla vurulmu\u015f halde bulundu. \u0130hbar \u00fczerine adrese sa\u011fl\u0131k ve polis ekipleri sevk edildi. Ekipler taraf\u0131ndan&#8230;<\/p>\n","protected":false},"author":1,"featured_media":93814,"comment_status":"open","ping_status":"open","sticky":false,"template":"","format":"standard","meta":{"_crdt_document":"","footnotes":""},"categories":[5],"tags":[],"class_list":["post-93813","post","type-post","status-publish","format-standard","has-post-thumbnail","hentry","category-asayis"],"_links":{"self":[{"href":"https:\/\/www.egemtv.com\/index.php?rest_route=\/wp\/v2\/posts\/93813","targetHints":{"allow":["GET"]}}],"collection":[{"href":"https:\/\/www.egemtv.com\/index.php?rest_route=\/wp\/v2\/posts"}],"about":[{"href":"https:\/\/www.egemtv.com\/index.php?rest_route=\/wp\/v2\/types\/post"}],"author":[{"embeddable":true,"href":"https:\/\/www.egemtv.com\/index.php?rest_route=\/wp\/v2\/users\/1"}],"replies":[{"embeddable":true,"href":"https:\/\/www.egemtv.com\/index.php?rest_route=%2Fwp%2Fv2%2Fcomments&post=93813"}],"version-history":[{"count":1,"href":"https:\/\/www.egemtv.com\/index.php?rest_route=\/wp\/v2\/posts\/93813\/revisions"}],"predecessor-version":[{"id":93815,"href":"https:\/\/www.egemtv.com\/index.php?rest_route=\/wp\/v2\/posts\/93813\/revisions\/93815"}],"wp:featuredmedia":[{"embeddable":true,"href":"https:\/\/www.egemtv.com\/index.php?rest_route=\/wp\/v2\/media\/93814"}],"wp:attachment":[{"href":"https:\/\/www.egemtv.com\/index.php?rest_route=%2Fwp%2Fv2%2Fmedia&parent=93813"}],"wp:term":[{"taxonomy":"category","embeddable":true,"href":"https:\/\/www.egemtv.com\/index.php?rest_route=%2Fwp%2Fv2%2Fcategories&post=93813"},{"taxonomy":"post_tag","embeddable":true,"href":"https:\/\/www.egemtv.com\/index.php?rest_route=%2Fwp%2Fv2%2Ftags&post=93813"}],"curies":[{"name":"wp","href":"https:\/\/api.w.org\/{rel}","templated":true}]}}