{"id":93807,"date":"2026-03-12T22:15:16","date_gmt":"2026-03-12T19:15:16","guid":{"rendered":"https:\/\/www.egemtv.com\/?p=93807"},"modified":"2026-03-12T22:15:17","modified_gmt":"2026-03-12T19:15:17","slug":"selendide-istiklal-marsinin-kabulunun-105-yili-anildi","status":"publish","type":"post","link":"https:\/\/www.egemtv.com\/?p=93807","title":{"rendered":"Selendi\u2019de \u0130stiklal Mar\u015f\u0131\u2019n\u0131n kabul\u00fcn\u00fcn 105. y\u0131l\u0131 an\u0131ld\u0131"},"content":{"rendered":"<p>MAN\u0130SA (\u0130HA) \u2013 Manisa\u2019n\u0131n Selendi il\u00e7esinde, \u0130stiklal Mar\u015f\u0131\u2019n\u0131n T\u00fcrkiye B\u00fcy\u00fck Millet Meclisi taraf\u0131ndan kabul edili\u015finin 105. y\u0131l d\u00f6n\u00fcm\u00fc ve Mehmet Akif Ersoy\u2019u Anma G\u00fcn\u00fc dolay\u0131s\u0131yla d\u00fczenlenen programda duygu dolu anlar ya\u015fand\u0131.<br \/>\n<br \/>Selendi Gen\u00e7lik Merkezi Konferans Salonu\u2019nda ger\u00e7ekle\u015ftirilen programa Selendi Kaymakam\u0131 M\u00fccahit Enes Y\u0131ld\u0131z, Selendi Belediye Ba\u015fkan\u0131 Murat Daban, il\u00e7e protokol\u00fc, daire m\u00fcd\u00fcrleri, \u00f6\u011fretmenler ve \u00f6\u011frenciler kat\u0131ld\u0131.<br \/>\n<br \/>Sayg\u0131 duru\u015funda bulunulmas\u0131 ve \u0130stiklal Mar\u015f\u0131\u2019n\u0131n okunmas\u0131yla ba\u015flayan programda g\u00fcn\u00fcn anlam ve \u00f6nemini belirten konu\u015fmalar yap\u0131ld\u0131. Program kapsam\u0131nda \u00f6\u011frenciler taraf\u0131ndan \u015fiirler okunurken, video sunumlar\u0131, oratoryo g\u00f6sterileri ve \u00e7e\u015fitli sahne performanslar\u0131 sergilendi.<br \/>\n<br \/>Milli \u015fair Mehmet Akif Ersoy\u2019un hayat\u0131 ve \u0130stiklal Mar\u015f\u0131\u2019n\u0131n yaz\u0131l\u0131\u015f s\u00fcrecine de de\u011finilen programda, ba\u011f\u0131ms\u0131zl\u0131k m\u00fccadelesinin simgesi olan mar\u015f\u0131n \u00f6nemine vurgu yap\u0131ld\u0131.<br \/>\n<br \/>Program, g\u00fcn dolay\u0131s\u0131yla d\u00fczenlenen \u00e7e\u015fitli yar\u0131\u015fmalarda dereceye giren \u00f6\u011frencilere \u00f6d\u00fcllerinin verilmesiyle sona erdi. Anma etkinli\u011fi kat\u0131l\u0131mc\u0131lardan b\u00fcy\u00fck be\u011feni toplarken, programda milli birlik ve beraberlik mesajlar\u0131 verildi.<br \/><\/p>\n","protected":false},"excerpt":{"rendered":"<p>MAN\u0130SA (\u0130HA) \u2013 Manisa\u2019n\u0131n Selendi il\u00e7esinde, \u0130stiklal Mar\u015f\u0131\u2019n\u0131n T\u00fcrkiye B\u00fcy\u00fck Millet Meclisi taraf\u0131ndan kabul edili\u015finin 105. y\u0131l d\u00f6n\u00fcm\u00fc ve Mehmet Akif Ersoy\u2019u Anma G\u00fcn\u00fc dolay\u0131s\u0131yla d\u00fczenlenen programda duygu dolu anlar ya\u015fand\u0131. Selendi Gen\u00e7lik Merkezi Konferans Salonu\u2019nda ger\u00e7ekle\u015ftirilen programa Selendi Kaymakam\u0131 M\u00fccahit Enes Y\u0131ld\u0131z, Selendi Belediye Ba\u015fkan\u0131 Murat Daban, il\u00e7e protokol\u00fc, daire m\u00fcd\u00fcrleri, \u00f6\u011fretmenler ve \u00f6\u011frenciler&#8230;<\/p>\n","protected":false},"author":1,"featured_media":93808,"comment_status":"open","ping_status":"open","sticky":false,"template":"","format":"standard","meta":{"_crdt_document":"","footnotes":""},"categories":[1],"tags":[],"class_list":["post-93807","post","type-post","status-publish","format-standard","has-post-thumbnail","hentry","category-guncel"],"_links":{"self":[{"href":"https:\/\/www.egemtv.com\/index.php?rest_route=\/wp\/v2\/posts\/93807","targetHints":{"allow":["GET"]}}],"collection":[{"href":"https:\/\/www.egemtv.com\/index.php?rest_route=\/wp\/v2\/posts"}],"about":[{"href":"https:\/\/www.egemtv.com\/index.php?rest_route=\/wp\/v2\/types\/post"}],"author":[{"embeddable":true,"href":"https:\/\/www.egemtv.com\/index.php?rest_route=\/wp\/v2\/users\/1"}],"replies":[{"embeddable":true,"href":"https:\/\/www.egemtv.com\/index.php?rest_route=%2Fwp%2Fv2%2Fcomments&post=93807"}],"version-history":[{"count":1,"href":"https:\/\/www.egemtv.com\/index.php?rest_route=\/wp\/v2\/posts\/93807\/revisions"}],"predecessor-version":[{"id":93809,"href":"https:\/\/www.egemtv.com\/index.php?rest_route=\/wp\/v2\/posts\/93807\/revisions\/93809"}],"wp:featuredmedia":[{"embeddable":true,"href":"https:\/\/www.egemtv.com\/index.php?rest_route=\/wp\/v2\/media\/93808"}],"wp:attachment":[{"href":"https:\/\/www.egemtv.com\/index.php?rest_route=%2Fwp%2Fv2%2Fmedia&parent=93807"}],"wp:term":[{"taxonomy":"category","embeddable":true,"href":"https:\/\/www.egemtv.com\/index.php?rest_route=%2Fwp%2Fv2%2Fcategories&post=93807"},{"taxonomy":"post_tag","embeddable":true,"href":"https:\/\/www.egemtv.com\/index.php?rest_route=%2Fwp%2Fv2%2Ftags&post=93807"}],"curies":[{"name":"wp","href":"https:\/\/api.w.org\/{rel}","templated":true}]}}