{"id":93804,"date":"2026-03-12T22:15:15","date_gmt":"2026-03-12T19:15:15","guid":{"rendered":"https:\/\/www.egemtv.com\/?p=93804"},"modified":"2026-03-12T22:15:16","modified_gmt":"2026-03-12T19:15:16","slug":"kaymakam-dalak-ogrenci-ve-velilerle-iftar-sofrasinda-bulustu","status":"publish","type":"post","link":"https:\/\/www.egemtv.com\/?p=93804","title":{"rendered":"Kaymakam Dalak, \u00f6\u011frenci ve velilerle iftar sofras\u0131nda bulu\u015ftu"},"content":{"rendered":"<p>Manisa\u2019n\u0131n Sar\u0131g\u00f6l il\u00e7esinde Kaymakam Halil Dalak, \u00d6zp\u0131nar Mahallesi\u2019nde d\u00fczenlenen iftar program\u0131nda \u00f6\u011frenci ve velilerle bir araya geldi. Programda mahalledeki e\u011fitim ve tar\u0131m konular\u0131 da ele al\u0131nd\u0131.<br \/>\n<br \/>Manisa\u2019n\u0131n Sar\u0131g\u00f6l il\u00e7esinde Kaymakam Halil Dalak, e\u015fi Ayfer Dalak ile birlikte \u00d6zp\u0131nar \u0130lkokulu \u00f6\u011frenci velileri taraf\u0131ndan d\u00fczenlenen iftar program\u0131na kat\u0131ld\u0131.<br \/>\n<br \/>\u00d6zp\u0131nar Mahallesi D\u00fc\u011f\u00fcn Salonu\u2019nda ger\u00e7ekle\u015ftirilen programa Kaymakam Halil Dalak ve e\u015fi Ayfer Dalak\u2019\u0131n yan\u0131 s\u0131ra Sar\u0131g\u00f6l \u0130l\u00e7e Milli E\u011fitim M\u00fcd\u00fcr\u00fc Cezmi Y\u0131ld\u0131rak ile \u0130l\u00e7e Tar\u0131m ve Orman M\u00fcd\u00fcr\u00fc Ahmet Akar da kat\u0131ld\u0131. Programda \u00f6\u011frenciler ve velilerle bir araya gelen protokol \u00fcyeleri birlikte iftar yapt\u0131.<br \/>\n<br \/>\u0130ftar \u00f6ncesinde \u00e7ocuklarla sohbet eden Kaymakam Halil Dalak, Ramazan ay\u0131n\u0131n birlik, beraberlik ve dayan\u0131\u015fman\u0131n en g\u00fczel \u015fekilde ya\u015fand\u0131\u011f\u0131 bir d\u00f6nem oldu\u011funu ifade etti.<br \/>\n<br \/>\u0130ftar yeme\u011finin ard\u0131ndan Kaymakam Dalak, \u00f6\u011frenci velileriyle sohbet ederek mahallenin sorunlar\u0131 hakk\u0131nda bilgi ald\u0131. Mahalledeki e\u011fitim ve tar\u0131m konular\u0131na ili\u015fkin dile getirilen talepler ise programa kat\u0131lan daire amirleri taraf\u0131ndan dinlenerek cevapland\u0131r\u0131ld\u0131.<br \/><\/p>\n","protected":false},"excerpt":{"rendered":"<p>Manisa\u2019n\u0131n Sar\u0131g\u00f6l il\u00e7esinde Kaymakam Halil Dalak, \u00d6zp\u0131nar Mahallesi\u2019nde d\u00fczenlenen iftar program\u0131nda \u00f6\u011frenci ve velilerle bir araya geldi. Programda mahalledeki e\u011fitim ve tar\u0131m konular\u0131 da ele al\u0131nd\u0131. Manisa\u2019n\u0131n Sar\u0131g\u00f6l il\u00e7esinde Kaymakam Halil Dalak, e\u015fi Ayfer Dalak ile birlikte \u00d6zp\u0131nar \u0130lkokulu \u00f6\u011frenci velileri taraf\u0131ndan d\u00fczenlenen iftar program\u0131na kat\u0131ld\u0131. \u00d6zp\u0131nar Mahallesi D\u00fc\u011f\u00fcn Salonu\u2019nda ger\u00e7ekle\u015ftirilen programa Kaymakam Halil Dalak&#8230;<\/p>\n","protected":false},"author":1,"featured_media":93805,"comment_status":"open","ping_status":"open","sticky":false,"template":"","format":"standard","meta":{"_crdt_document":"","footnotes":""},"categories":[1],"tags":[],"class_list":["post-93804","post","type-post","status-publish","format-standard","has-post-thumbnail","hentry","category-guncel"],"_links":{"self":[{"href":"https:\/\/www.egemtv.com\/index.php?rest_route=\/wp\/v2\/posts\/93804","targetHints":{"allow":["GET"]}}],"collection":[{"href":"https:\/\/www.egemtv.com\/index.php?rest_route=\/wp\/v2\/posts"}],"about":[{"href":"https:\/\/www.egemtv.com\/index.php?rest_route=\/wp\/v2\/types\/post"}],"author":[{"embeddable":true,"href":"https:\/\/www.egemtv.com\/index.php?rest_route=\/wp\/v2\/users\/1"}],"replies":[{"embeddable":true,"href":"https:\/\/www.egemtv.com\/index.php?rest_route=%2Fwp%2Fv2%2Fcomments&post=93804"}],"version-history":[{"count":1,"href":"https:\/\/www.egemtv.com\/index.php?rest_route=\/wp\/v2\/posts\/93804\/revisions"}],"predecessor-version":[{"id":93806,"href":"https:\/\/www.egemtv.com\/index.php?rest_route=\/wp\/v2\/posts\/93804\/revisions\/93806"}],"wp:featuredmedia":[{"embeddable":true,"href":"https:\/\/www.egemtv.com\/index.php?rest_route=\/wp\/v2\/media\/93805"}],"wp:attachment":[{"href":"https:\/\/www.egemtv.com\/index.php?rest_route=%2Fwp%2Fv2%2Fmedia&parent=93804"}],"wp:term":[{"taxonomy":"category","embeddable":true,"href":"https:\/\/www.egemtv.com\/index.php?rest_route=%2Fwp%2Fv2%2Fcategories&post=93804"},{"taxonomy":"post_tag","embeddable":true,"href":"https:\/\/www.egemtv.com\/index.php?rest_route=%2Fwp%2Fv2%2Ftags&post=93804"}],"curies":[{"name":"wp","href":"https:\/\/api.w.org\/{rel}","templated":true}]}}