{"id":93801,"date":"2026-03-12T21:54:57","date_gmt":"2026-03-12T18:54:57","guid":{"rendered":"https:\/\/www.egemtv.com\/?p=93801"},"modified":"2026-03-12T21:54:58","modified_gmt":"2026-03-12T18:54:58","slug":"macaristan-bagimsizlik-gunu-kutahyada-kutlandi","status":"publish","type":"post","link":"https:\/\/www.egemtv.com\/?p=93801","title":{"rendered":"Macaristan Ba\u011f\u0131ms\u0131zl\u0131k G\u00fcn\u00fc K\u00fctahya\u2019da kutland\u0131"},"content":{"rendered":"<p>Macaristan\u2019\u0131n Ba\u011f\u0131ms\u0131zl\u0131k G\u00fcn\u00fc\u2019n\u00fcn 178. y\u0131l d\u00f6n\u00fcm\u00fc dolay\u0131s\u0131yla, K\u00fctahya\u2019da halk aras\u0131nda Macar Evi olarak bilinen Lajos Kossuth M\u00fczesi\u2019nde t\u00f6ren d\u00fczenlendi.<br \/>\n<br \/>Programa Musa I\u015f\u0131n, Viktor Matis, Hava Er E\u011fitim Tugay ve Garnizon Komutan\u0131 Tu\u011fgeneral Mustafa Ba\u015f, Belediye Ba\u015fkan\u0131 Ey\u00fcp Kahveci, Macaristan Fahri Konsolosu \u0130smet G\u00fcral, il protokol\u00fc ve vatanda\u015flar kat\u0131ld\u0131.<br \/>\n<br \/>Programda konu\u015fan Vali Musa I\u015f\u0131n, T\u00fcrk-Macar ili\u015fkilerinin k\u00f6kl\u00fc bir ge\u00e7mi\u015fe sahip oldu\u011funu belirterek iki millet aras\u0131ndaki tarihi ve k\u00fclt\u00fcrel ba\u011flara dikkat \u00e7ekti. T\u00fcrkler ile Macarlar\u0131n tarihi k\u00f6kenlerinin Orta Asya\u2019ya dayand\u0131\u011f\u0131n\u0131 ifade eden I\u015f\u0131n, iki milletin tarih boyunca benzer kaderleri payla\u015ft\u0131\u011f\u0131n\u0131 s\u00f6yledi. Macarlar\u0131n kuzeyden Avrupa\u2019ya g\u00f6\u00e7 etti\u011fini, T\u00fcrklerin ise farkl\u0131 kollardan Anadolu ve Avrupa\u2019ya ula\u015ft\u0131\u011f\u0131n\u0131 belirten I\u015f\u0131n, bu tarihi s\u00fcrecin iki millet aras\u0131nda g\u00fc\u00e7l\u00fc bir ba\u011f olu\u015fturdu\u011funu dile getirdi.<\/p>\n<p>&#8220;T\u00fcrkiye\u2019nin kap\u0131lar\u0131n\u0131n her zaman Macar dostlar\u0131na a\u00e7\u0131kt\u0131r&#8221;<br \/>\n<br \/>T\u00fcrk milletinin bar\u0131\u015fa ve dostlu\u011fa verdi\u011fi \u00f6neme de\u011finen Vali I\u015f\u0131n, Mustafa Kemal Atat\u00fcrk\u2019\u00fcn &#8220;Yurtta sulh, cihanda sulh&#8221; s\u00f6z\u00fcn\u00fc hat\u0131rlatarak bu anlay\u0131\u015f\u0131n T\u00fcrk milletinin temel yakla\u015f\u0131m\u0131 oldu\u011funu vurgulad\u0131. T\u00fcrk milletinin kendi vatan\u0131na g\u00f6sterdi\u011fi sayg\u0131y\u0131 di\u011fer milletlerin ba\u011f\u0131ms\u0131zl\u0131\u011f\u0131na ve egemenli\u011fine de g\u00f6sterdi\u011fini ifade eden I\u015f\u0131n, tarih boyunca T\u00fcrklerin misafirperverli\u011fiyle tan\u0131nd\u0131\u011f\u0131n\u0131 belirtti. Macar liderlerinden Lajos Kossuth\u2019un Osmanl\u0131 d\u00f6neminde T\u00fcrkiye\u2019ye s\u0131\u011f\u0131nmas\u0131 ve Osmanl\u0131 Cihan Devleti\u2019nin t\u00fcm bask\u0131lara ra\u011fmen misafirini teslim etmemesi \u00f6rne\u011fini hat\u0131rlatan I\u015f\u0131n, T\u00fcrk milletinin misafirine sahip \u00e7\u0131kma gelene\u011finin tarih boyunca s\u00fcrd\u00fc\u011f\u00fcn\u00fc dile getirdi.<br \/>\n<br \/>Vali I\u015f\u0131n, K\u00fctahya\u2019n\u0131n ve T\u00fcrkiye\u2019nin kap\u0131lar\u0131n\u0131n her zaman Macar dostlar\u0131na a\u00e7\u0131k oldu\u011funu ifade ederek s\u00f6zlerini tamamlad\u0131.<br \/>\n<br \/>Macaristan\u2019\u0131n Ankara B\u00fcy\u00fckel\u00e7isi Viktor Matis ise K\u00fctahya\u2019da bulunmaktan ve Macar \u0130htilali ve \u00d6zg\u00fcrl\u00fck Sava\u015f\u0131\u2019n\u0131n 178. y\u0131l d\u00f6n\u00fcm\u00fcn\u00fc Lajos Kossuth M\u00fczesi\u2019nde anmaktan duydu\u011fu memnuniyeti dile getirdi.<br \/>\n<br \/>Program, m\u00fczenin gezilmesinin ard\u0131ndan sona erdi.<br \/><\/p>\n","protected":false},"excerpt":{"rendered":"<p>Macaristan\u2019\u0131n Ba\u011f\u0131ms\u0131zl\u0131k G\u00fcn\u00fc\u2019n\u00fcn 178. y\u0131l d\u00f6n\u00fcm\u00fc dolay\u0131s\u0131yla, K\u00fctahya\u2019da halk aras\u0131nda Macar Evi olarak bilinen Lajos Kossuth M\u00fczesi\u2019nde t\u00f6ren d\u00fczenlendi. Programa Musa I\u015f\u0131n, Viktor Matis, Hava Er E\u011fitim Tugay ve Garnizon Komutan\u0131 Tu\u011fgeneral Mustafa Ba\u015f, Belediye Ba\u015fkan\u0131 Ey\u00fcp Kahveci, Macaristan Fahri Konsolosu \u0130smet G\u00fcral, il protokol\u00fc ve vatanda\u015flar kat\u0131ld\u0131. Programda konu\u015fan Vali Musa I\u015f\u0131n, T\u00fcrk-Macar ili\u015fkilerinin&#8230;<\/p>\n","protected":false},"author":1,"featured_media":93802,"comment_status":"open","ping_status":"open","sticky":false,"template":"","format":"standard","meta":{"_crdt_document":"","footnotes":""},"categories":[123],"tags":[],"class_list":["post-93801","post","type-post","status-publish","format-standard","has-post-thumbnail","hentry","category-gundem"],"_links":{"self":[{"href":"https:\/\/www.egemtv.com\/index.php?rest_route=\/wp\/v2\/posts\/93801","targetHints":{"allow":["GET"]}}],"collection":[{"href":"https:\/\/www.egemtv.com\/index.php?rest_route=\/wp\/v2\/posts"}],"about":[{"href":"https:\/\/www.egemtv.com\/index.php?rest_route=\/wp\/v2\/types\/post"}],"author":[{"embeddable":true,"href":"https:\/\/www.egemtv.com\/index.php?rest_route=\/wp\/v2\/users\/1"}],"replies":[{"embeddable":true,"href":"https:\/\/www.egemtv.com\/index.php?rest_route=%2Fwp%2Fv2%2Fcomments&post=93801"}],"version-history":[{"count":1,"href":"https:\/\/www.egemtv.com\/index.php?rest_route=\/wp\/v2\/posts\/93801\/revisions"}],"predecessor-version":[{"id":93803,"href":"https:\/\/www.egemtv.com\/index.php?rest_route=\/wp\/v2\/posts\/93801\/revisions\/93803"}],"wp:featuredmedia":[{"embeddable":true,"href":"https:\/\/www.egemtv.com\/index.php?rest_route=\/wp\/v2\/media\/93802"}],"wp:attachment":[{"href":"https:\/\/www.egemtv.com\/index.php?rest_route=%2Fwp%2Fv2%2Fmedia&parent=93801"}],"wp:term":[{"taxonomy":"category","embeddable":true,"href":"https:\/\/www.egemtv.com\/index.php?rest_route=%2Fwp%2Fv2%2Fcategories&post=93801"},{"taxonomy":"post_tag","embeddable":true,"href":"https:\/\/www.egemtv.com\/index.php?rest_route=%2Fwp%2Fv2%2Ftags&post=93801"}],"curies":[{"name":"wp","href":"https:\/\/api.w.org\/{rel}","templated":true}]}}