{"id":93798,"date":"2026-03-12T21:54:56","date_gmt":"2026-03-12T18:54:56","guid":{"rendered":"https:\/\/www.egemtv.com\/?p=93798"},"modified":"2026-03-12T21:54:57","modified_gmt":"2026-03-12T18:54:57","slug":"demircide-5-bin-kisilik-iftar-sofrasi-kuruldu","status":"publish","type":"post","link":"https:\/\/www.egemtv.com\/?p=93798","title":{"rendered":"Demirci\u2019de 5 bin ki\u015filik iftar sofras\u0131 kuruldu"},"content":{"rendered":"<p>Manisa\u2019n\u0131n Demirci il\u00e7esinde il\u00e7e belediyesi taraf\u0131ndan d\u00fczenlenen geleneksel halk iftar\u0131, binlerce vatanda\u015f\u0131n kat\u0131l\u0131m\u0131yla adeta bir dayan\u0131\u015fma \u015f\u00f6lenine d\u00f6n\u00fc\u015ft\u00fc.<br \/>\n<br \/>\u0130l\u00e7edeki kapal\u0131 pazar yerinde kurulan g\u00f6n\u00fcl sofralar\u0131nda 5 bin ki\u015fi birlikte iftar a\u00e7t\u0131. Demirci Belediyesi taraf\u0131ndan organize edilen b\u00fcy\u00fck iftar program\u0131, il\u00e7ede Ramazan ay\u0131n\u0131n manevi atmosferini zirveye ta\u015f\u0131d\u0131. \u0130ftar program\u0131na; AK Parti MKYK \u00dcyesi ve Manisa Milletvekili M\u00fccahit Ar\u0131n\u00e7, Demirci Belediye Ba\u015fkan\u0131 Erkan Kara, AK Parti \u0130l\u00e7e Ba\u015fkan\u0131 Nurullah Akg\u00fcn, MHP \u0130l\u00e7e Ba\u015fkan\u0131 \u00dcmit Kany\u0131lmaz ve sivil toplum kurulu\u015fu temsilcileri e\u015flik etti. \u0130ftar program\u0131 \u00f6ncesinde il\u00e7eye gelen AK Parti Manisa Milletvekili M\u00fccahit Ar\u0131n\u00e7, program \u00f6ncesi Demirci esnaf\u0131n\u0131 ziyaret ederek nab\u0131z tuttu. Esnafla tek tek sohbet eden Ar\u0131n\u00e7, hay\u0131rl\u0131 i\u015fler ve bereketli kazan\u00e7lar diledi.<br \/>\n<br \/>Pazar yeri alan\u0131n\u0131 dolduran vatanda\u015flar, ezan\u0131n okunmas\u0131yla birlikte huzur i\u00e7erisinde oru\u00e7lar\u0131n\u0131 a\u00e7t\u0131. Belediye Ba\u015fkan\u0131 Erkan Kara, etkinlikte yapt\u0131\u011f\u0131 konu\u015fmada birlik ve beraberlik mesaj\u0131 vererek, &#8220;Demirci halk\u0131yla ayn\u0131 sofrada ekme\u011fimizi payla\u015fman\u0131n mutlulu\u011funu ya\u015f\u0131yoruz. Bu g\u00f6n\u00fcl sofras\u0131nda bizleri yaln\u0131z b\u0131rakmayan hem\u015ferilerime g\u00f6n\u00fclden te\u015fekk\u00fcr ediyorum&#8221; dedi.<br \/>\n<br \/>AK Parti MKYK \u00dcyesi ve Manisa Milletvekili M\u00fccahit Ar\u0131n\u00e7, &#8220;Ramazan huzuru, karde\u015fli\u011fi ve sofray\u0131 payla\u015fmakt\u0131r. Bug\u00fcnde Demirci kendisine yak\u0131\u015fan bir sofra kurdu. De\u011ferli Belediye Ba\u015fkan\u0131m\u0131za bu g\u00fczel organizasyondan dolay\u0131 te\u015fekk\u00fcr ediyorum. D\u00fcnyan\u0131n etraf\u0131ndan heryerde bir ate\u015f \u00e7emberi, kaos ve s\u0131k\u0131nt\u0131 var. M\u00fcsl\u00fcmanlar ma\u011fduriyet alt\u0131nda. Mazlumlar inliyor. Bu co\u011frafyada bu ate\u015f hatt\u0131n\u0131n ortas\u0131nda dimdik ayakta duran, binlerce y\u0131l evveliyat\u0131ndan gelipte hale bug\u00fcn aleme nizam veren g\u00fc\u00e7l\u00fc duran bir T\u00fcrkiye var. Al bayra\u011f\u0131n g\u00f6lgesi alt\u0131nda rabbim bizleri in\u015fallah bizi muhafaza etsin. Devlete zeval vermesin. Milletin sofras\u0131na bereket ve karde\u015flik ruhumuz daim olsun&#8221; dedi.<br \/>\n<br \/>\u0130ftar alan\u0131na ge\u00e7ildi\u011finde ise Ar\u0131n\u00e7, masalar\u0131 tek tek gezerek vatanda\u015flarla selamla\u015ft\u0131. Vatanda\u015flar\u0131n Ramazan-\u0131 \u015eerif\u2019ini tebrik eden Ar\u0131n\u00e7, \u00e7ocuklarla da yak\u0131ndan ilgilendi.<br \/><\/p>\n","protected":false},"excerpt":{"rendered":"<p>Manisa\u2019n\u0131n Demirci il\u00e7esinde il\u00e7e belediyesi taraf\u0131ndan d\u00fczenlenen geleneksel halk iftar\u0131, binlerce vatanda\u015f\u0131n kat\u0131l\u0131m\u0131yla adeta bir dayan\u0131\u015fma \u015f\u00f6lenine d\u00f6n\u00fc\u015ft\u00fc. \u0130l\u00e7edeki kapal\u0131 pazar yerinde kurulan g\u00f6n\u00fcl sofralar\u0131nda 5 bin ki\u015fi birlikte iftar a\u00e7t\u0131. Demirci Belediyesi taraf\u0131ndan organize edilen b\u00fcy\u00fck iftar program\u0131, il\u00e7ede Ramazan ay\u0131n\u0131n manevi atmosferini zirveye ta\u015f\u0131d\u0131. \u0130ftar program\u0131na; AK Parti MKYK \u00dcyesi ve Manisa Milletvekili&#8230;<\/p>\n","protected":false},"author":1,"featured_media":93799,"comment_status":"open","ping_status":"open","sticky":false,"template":"","format":"standard","meta":{"_crdt_document":"","footnotes":""},"categories":[123],"tags":[],"class_list":["post-93798","post","type-post","status-publish","format-standard","has-post-thumbnail","hentry","category-gundem"],"_links":{"self":[{"href":"https:\/\/www.egemtv.com\/index.php?rest_route=\/wp\/v2\/posts\/93798","targetHints":{"allow":["GET"]}}],"collection":[{"href":"https:\/\/www.egemtv.com\/index.php?rest_route=\/wp\/v2\/posts"}],"about":[{"href":"https:\/\/www.egemtv.com\/index.php?rest_route=\/wp\/v2\/types\/post"}],"author":[{"embeddable":true,"href":"https:\/\/www.egemtv.com\/index.php?rest_route=\/wp\/v2\/users\/1"}],"replies":[{"embeddable":true,"href":"https:\/\/www.egemtv.com\/index.php?rest_route=%2Fwp%2Fv2%2Fcomments&post=93798"}],"version-history":[{"count":1,"href":"https:\/\/www.egemtv.com\/index.php?rest_route=\/wp\/v2\/posts\/93798\/revisions"}],"predecessor-version":[{"id":93800,"href":"https:\/\/www.egemtv.com\/index.php?rest_route=\/wp\/v2\/posts\/93798\/revisions\/93800"}],"wp:featuredmedia":[{"embeddable":true,"href":"https:\/\/www.egemtv.com\/index.php?rest_route=\/wp\/v2\/media\/93799"}],"wp:attachment":[{"href":"https:\/\/www.egemtv.com\/index.php?rest_route=%2Fwp%2Fv2%2Fmedia&parent=93798"}],"wp:term":[{"taxonomy":"category","embeddable":true,"href":"https:\/\/www.egemtv.com\/index.php?rest_route=%2Fwp%2Fv2%2Fcategories&post=93798"},{"taxonomy":"post_tag","embeddable":true,"href":"https:\/\/www.egemtv.com\/index.php?rest_route=%2Fwp%2Fv2%2Ftags&post=93798"}],"curies":[{"name":"wp","href":"https:\/\/api.w.org\/{rel}","templated":true}]}}