{"id":93795,"date":"2026-03-12T21:35:58","date_gmt":"2026-03-12T18:35:58","guid":{"rendered":"https:\/\/www.egemtv.com\/?p=93795"},"modified":"2026-03-12T21:35:59","modified_gmt":"2026-03-12T18:35:59","slug":"kutahyada-iftar-vakti-korkutan-yangin","status":"publish","type":"post","link":"https:\/\/www.egemtv.com\/?p=93795","title":{"rendered":"K\u00fctahya\u2019da iftar vakti korkutan yang\u0131n"},"content":{"rendered":"<p>K\u00fctahya\u2019n\u0131n Domani\u00e7 il\u00e7esinde iftar vaktinden bir evin \u00e7at\u0131s\u0131nda \u00e7\u0131kan yang\u0131n pani\u011fe neden oldu.<br \/>\n<br \/>Yang\u0131n, Domani\u00e7 il\u00e7esi Hisar Mahallesi Emniyet Caddesi\u2019nde \u0130smail Y\u0131ld\u0131zhan\u2019a ait iki katl\u0131 evin \u00e7at\u0131s\u0131nda hen\u00fcz belirlenemeyen bir nedenle \u00e7\u0131kt\u0131. \u0130hbar \u00fczerine olay yerine Domani\u00e7 ve \u00c7ukurca belediyelerine ba\u011fl\u0131 itfaiye ekipleri ile Orman \u0130\u015fletme M\u00fcd\u00fcrl\u00fc\u011f\u00fc ekipleri sevk edildi.<br \/>\n<br \/>Yang\u0131nda can kayb\u0131 ya\u015fanmazken, olay\u0131n etkisiyle sinir krizi ge\u00e7iren bir kad\u0131na olay yerinde haz\u0131r bulunan sa\u011fl\u0131k ekipleri taraf\u0131ndan m\u00fcdahale edildi. R\u00fczgar\u0131n etkisiyle k\u0131sa s\u00fcrede \u00e7at\u0131y\u0131 saran alevler, d\u00f6rt itfaiye ekibinin yo\u011fun \u00e7al\u0131\u015fmas\u0131 sonucu g\u00fc\u00e7l\u00fckle kontrol alt\u0131na al\u0131narak s\u00f6nd\u00fcr\u00fcld\u00fc.<br \/>\n<br \/>Yang\u0131nda evin \u00e7at\u0131s\u0131 tamamen yanarken, iki katl\u0131 binada da b\u00fcy\u00fck \u00e7apta maddi hasar meydana geldi. Olayla ilgili inceleme ba\u015flat\u0131ld\u0131.<br \/><\/p>\n","protected":false},"excerpt":{"rendered":"<p>K\u00fctahya\u2019n\u0131n Domani\u00e7 il\u00e7esinde iftar vaktinden bir evin \u00e7at\u0131s\u0131nda \u00e7\u0131kan yang\u0131n pani\u011fe neden oldu. Yang\u0131n, Domani\u00e7 il\u00e7esi Hisar Mahallesi Emniyet Caddesi\u2019nde \u0130smail Y\u0131ld\u0131zhan\u2019a ait iki katl\u0131 evin \u00e7at\u0131s\u0131nda hen\u00fcz belirlenemeyen bir nedenle \u00e7\u0131kt\u0131. \u0130hbar \u00fczerine olay yerine Domani\u00e7 ve \u00c7ukurca belediyelerine ba\u011fl\u0131 itfaiye ekipleri ile Orman \u0130\u015fletme M\u00fcd\u00fcrl\u00fc\u011f\u00fc ekipleri sevk edildi. Yang\u0131nda can kayb\u0131 ya\u015fanmazken, olay\u0131n&#8230;<\/p>\n","protected":false},"author":1,"featured_media":93796,"comment_status":"open","ping_status":"open","sticky":false,"template":"","format":"standard","meta":{"_crdt_document":"","footnotes":""},"categories":[5],"tags":[],"class_list":["post-93795","post","type-post","status-publish","format-standard","has-post-thumbnail","hentry","category-asayis"],"_links":{"self":[{"href":"https:\/\/www.egemtv.com\/index.php?rest_route=\/wp\/v2\/posts\/93795","targetHints":{"allow":["GET"]}}],"collection":[{"href":"https:\/\/www.egemtv.com\/index.php?rest_route=\/wp\/v2\/posts"}],"about":[{"href":"https:\/\/www.egemtv.com\/index.php?rest_route=\/wp\/v2\/types\/post"}],"author":[{"embeddable":true,"href":"https:\/\/www.egemtv.com\/index.php?rest_route=\/wp\/v2\/users\/1"}],"replies":[{"embeddable":true,"href":"https:\/\/www.egemtv.com\/index.php?rest_route=%2Fwp%2Fv2%2Fcomments&post=93795"}],"version-history":[{"count":1,"href":"https:\/\/www.egemtv.com\/index.php?rest_route=\/wp\/v2\/posts\/93795\/revisions"}],"predecessor-version":[{"id":93797,"href":"https:\/\/www.egemtv.com\/index.php?rest_route=\/wp\/v2\/posts\/93795\/revisions\/93797"}],"wp:featuredmedia":[{"embeddable":true,"href":"https:\/\/www.egemtv.com\/index.php?rest_route=\/wp\/v2\/media\/93796"}],"wp:attachment":[{"href":"https:\/\/www.egemtv.com\/index.php?rest_route=%2Fwp%2Fv2%2Fmedia&parent=93795"}],"wp:term":[{"taxonomy":"category","embeddable":true,"href":"https:\/\/www.egemtv.com\/index.php?rest_route=%2Fwp%2Fv2%2Fcategories&post=93795"},{"taxonomy":"post_tag","embeddable":true,"href":"https:\/\/www.egemtv.com\/index.php?rest_route=%2Fwp%2Fv2%2Ftags&post=93795"}],"curies":[{"name":"wp","href":"https:\/\/api.w.org\/{rel}","templated":true}]}}