{"id":93792,"date":"2026-03-12T20:54:36","date_gmt":"2026-03-12T17:54:36","guid":{"rendered":"https:\/\/www.egemtv.com\/?p=93792"},"modified":"2026-03-12T20:54:37","modified_gmt":"2026-03-12T17:54:37","slug":"baskan-cercioglu-adu-ogrencileri-ile-iftarda-bir-araya-geldi","status":"publish","type":"post","link":"https:\/\/www.egemtv.com\/?p=93792","title":{"rendered":"Ba\u015fkan \u00c7er\u00e7io\u011flu, AD\u00dc \u00f6\u011frencileri ile iftarda bir araya geldi"},"content":{"rendered":"<p>Ayd\u0131n B\u00fcy\u00fck\u015fehir Belediyesi taraf\u0131ndan Ramazan ay\u0131 nedeniyle kentin farkl\u0131 noktalar\u0131nda iftar sofralar\u0131 kurulmaya devam ediyor. B\u00fcy\u00fck\u015fehir Belediyesi\u2019nin sofralar\u0131nda binlerce Ayd\u0131nl\u0131 iftarlar\u0131n\u0131 hep birlikte a\u00e7\u0131yor.<br \/>\n<br \/>B\u00fcy\u00fck\u015fehir Belediyesi taraf\u0131ndan bug\u00fcn Efeler il\u00e7esinde Atat\u00fcrk Kent Meydan\u0131\u2019nda, Girne Mahallesi\u2019nde ve Kocag\u00fcr Mahallesi\u2019nde, \u0130ncirliova il\u00e7esinde Cumhuriyet Meydan\u0131\u2019nda, Sultanhisar il\u00e7esinde Cumhuriyet Meydan\u0131\u2019nda, Karacasu il\u00e7esinde Atak\u00f6y Mahallesi\u2019nde, Karpuzlu il\u00e7esinde Ulukonak Mahallesi\u2019nde ve Ko\u00e7arl\u0131 il\u00e7esinde Esentepe Mahallesi\u2019nde iftar program\u0131 d\u00fczenlendi.<br \/>\n<br \/>Ayd\u0131n B\u00fcy\u00fck\u015fehir Belediye Ba\u015fkan\u0131 \u00d6zlem \u00c7er\u00e7io\u011flu; Ayd\u0131n Adnan Menderes \u00dcniversitesi (AD\u00dc) Rekt\u00f6r\u00fc Prof. Dr. B\u00fclent Kent ve AK Parti Ayd\u0131n \u0130l Ba\u015fkan Yard\u0131mc\u0131s\u0131 H\u00fcseyin Pekg\u00fczel ile birlikte Atat\u00fcrk Kent Meydan\u0131\u2019nda d\u00fczenlenen iftar program\u0131nda \u00f6\u011frenciler ile bir araya geldi. AD\u00dc \u00f6\u011frencileri ile ayn\u0131 sofray\u0131 payla\u015fan Ba\u015fkan \u00c7er\u00e7io\u011flu, \u00f6\u011frencilerle sohbet ederek onlar\u0131n g\u00f6r\u00fc\u015f ve d\u00fc\u015f\u00fcncelerini dinledi. Ba\u015fkan \u00c7er\u00e7io\u011flu, \u00f6\u011frencilerle bir araya gelmenin kendileri i\u00e7in ayr\u0131 bir anlam ta\u015f\u0131d\u0131\u011f\u0131n\u0131 belirterek, gen\u00e7lerin her zaman yan\u0131nda olmaya devam edeceklerini vurgulad\u0131.<br \/>\n<br \/>\u0130ftar sofralar\u0131n\u0131n kurulmas\u0131ndan memnuniyet duyduklar\u0131n\u0131 belirten vatanda\u015flar ve \u00f6\u011frenciler ise Ba\u015fkan \u00c7er\u00e7io\u011flu\u2019na te\u015fekk\u00fcr etti.<br \/><\/p>\n","protected":false},"excerpt":{"rendered":"<p>Ayd\u0131n B\u00fcy\u00fck\u015fehir Belediyesi taraf\u0131ndan Ramazan ay\u0131 nedeniyle kentin farkl\u0131 noktalar\u0131nda iftar sofralar\u0131 kurulmaya devam ediyor. B\u00fcy\u00fck\u015fehir Belediyesi\u2019nin sofralar\u0131nda binlerce Ayd\u0131nl\u0131 iftarlar\u0131n\u0131 hep birlikte a\u00e7\u0131yor. B\u00fcy\u00fck\u015fehir Belediyesi taraf\u0131ndan bug\u00fcn Efeler il\u00e7esinde Atat\u00fcrk Kent Meydan\u0131\u2019nda, Girne Mahallesi\u2019nde ve Kocag\u00fcr Mahallesi\u2019nde, \u0130ncirliova il\u00e7esinde Cumhuriyet Meydan\u0131\u2019nda, Sultanhisar il\u00e7esinde Cumhuriyet Meydan\u0131\u2019nda, Karacasu il\u00e7esinde Atak\u00f6y Mahallesi\u2019nde, Karpuzlu il\u00e7esinde Ulukonak Mahallesi\u2019nde ve&#8230;<\/p>\n","protected":false},"author":1,"featured_media":93793,"comment_status":"open","ping_status":"open","sticky":false,"template":"","format":"standard","meta":{"_crdt_document":"","footnotes":""},"categories":[1],"tags":[],"class_list":["post-93792","post","type-post","status-publish","format-standard","has-post-thumbnail","hentry","category-guncel"],"_links":{"self":[{"href":"https:\/\/www.egemtv.com\/index.php?rest_route=\/wp\/v2\/posts\/93792","targetHints":{"allow":["GET"]}}],"collection":[{"href":"https:\/\/www.egemtv.com\/index.php?rest_route=\/wp\/v2\/posts"}],"about":[{"href":"https:\/\/www.egemtv.com\/index.php?rest_route=\/wp\/v2\/types\/post"}],"author":[{"embeddable":true,"href":"https:\/\/www.egemtv.com\/index.php?rest_route=\/wp\/v2\/users\/1"}],"replies":[{"embeddable":true,"href":"https:\/\/www.egemtv.com\/index.php?rest_route=%2Fwp%2Fv2%2Fcomments&post=93792"}],"version-history":[{"count":1,"href":"https:\/\/www.egemtv.com\/index.php?rest_route=\/wp\/v2\/posts\/93792\/revisions"}],"predecessor-version":[{"id":93794,"href":"https:\/\/www.egemtv.com\/index.php?rest_route=\/wp\/v2\/posts\/93792\/revisions\/93794"}],"wp:featuredmedia":[{"embeddable":true,"href":"https:\/\/www.egemtv.com\/index.php?rest_route=\/wp\/v2\/media\/93793"}],"wp:attachment":[{"href":"https:\/\/www.egemtv.com\/index.php?rest_route=%2Fwp%2Fv2%2Fmedia&parent=93792"}],"wp:term":[{"taxonomy":"category","embeddable":true,"href":"https:\/\/www.egemtv.com\/index.php?rest_route=%2Fwp%2Fv2%2Fcategories&post=93792"},{"taxonomy":"post_tag","embeddable":true,"href":"https:\/\/www.egemtv.com\/index.php?rest_route=%2Fwp%2Fv2%2Ftags&post=93792"}],"curies":[{"name":"wp","href":"https:\/\/api.w.org\/{rel}","templated":true}]}}