{"id":93789,"date":"2026-03-12T18:35:39","date_gmt":"2026-03-12T15:35:39","guid":{"rendered":"https:\/\/www.egemtv.com\/?p=93789"},"modified":"2026-03-12T18:35:40","modified_gmt":"2026-03-12T15:35:40","slug":"aydin-buyuksehirden-yenipazarli-ureticilere-yem-destegi","status":"publish","type":"post","link":"https:\/\/www.egemtv.com\/?p=93789","title":{"rendered":"Ayd\u0131n B\u00fcy\u00fck\u015fehir\u2019den Yenipazarl\u0131 \u00fcreticilere yem deste\u011fi"},"content":{"rendered":"<p>Ayd\u0131n B\u00fcy\u00fck\u015fehir Belediye Ba\u015fkan\u0131 \u00d6zlem \u00c7er\u00e7io\u011flu, k\u0131rsal kalk\u0131nmay\u0131 destekleyen projeleri ile \u00fcreticilerin yan\u0131nda olmaya devam ediyor. B\u00fcy\u00fck\u015fehir Belediyesi taraf\u0131ndan planl\u0131 ve programl\u0131 bir \u015fekilde s\u00fcrd\u00fcr\u00fclen yem hibesi deste\u011fi, Yenipazar\u2019da \u00fcreticilerle bulu\u015fturuldu.<br \/>\n<br \/>Ayd\u0131n B\u00fcy\u00fck\u015fehir Belediye Ba\u015fkan\u0131 \u00d6zlem \u00c7er\u00e7io\u011flu\u2019nun \u00fcretimin g\u00fc\u00e7lenmesine y\u00f6nelik \u00e7al\u0131\u015fmalar\u0131 do\u011frultusunda hayata ge\u00e7irilen destek kapsam\u0131nda, 5 ve alt\u0131nda b\u00fcy\u00fckba\u015f hayvana sahip \u00fcreticilere s\u0131\u011f\u0131r s\u00fct yemi ve s\u0131\u011f\u0131r besi yemi da\u011f\u0131t\u0131m\u0131 ger\u00e7ekle\u015ftiriliyor.<br \/>\n<br \/>\u00dcreticiler, ge\u00e7mi\u015f y\u0131llardan bu yana s\u00fcrd\u00fcr\u00fclen desteklerden memnuniyet duyduklar\u0131n\u0131 belirterek Ba\u015fkan \u00c7er\u00e7io\u011flu\u2019na te\u015fekk\u00fcr etti.<br \/>\n<br \/>Ayd\u0131n B\u00fcy\u00fck\u015fehir Belediye Ba\u015fkan\u0131 \u00d6zlem \u00c7er\u00e7io\u011flu, \u00fcreticilere desteklerinin devam edece\u011fini belirtti ve &#8220;\u00dcreticilerimizin yan\u0131nda olmaya devam ediyoruz. K\u0131rsal mahallelerimizde hayvanc\u0131l\u0131\u011f\u0131 destekleyen projelerimizi s\u00fcrd\u00fcr\u00fcyor, \u00fcreticilerimizin emeklerine katk\u0131 sunacak \u00e7al\u0131\u015fmalar\u0131m\u0131z\u0131 Ayd\u0131n\u2019\u0131n d\u00f6rt bir yan\u0131nda hayata ge\u00e7iriyoruz. K\u0131rsal kalk\u0131nmay\u0131 destekleyen projelerimizi s\u00fcrd\u00fcrece\u011fiz&#8221; ifadelerini kulland\u0131.<br \/><\/p>\n","protected":false},"excerpt":{"rendered":"<p>Ayd\u0131n B\u00fcy\u00fck\u015fehir Belediye Ba\u015fkan\u0131 \u00d6zlem \u00c7er\u00e7io\u011flu, k\u0131rsal kalk\u0131nmay\u0131 destekleyen projeleri ile \u00fcreticilerin yan\u0131nda olmaya devam ediyor. B\u00fcy\u00fck\u015fehir Belediyesi taraf\u0131ndan planl\u0131 ve programl\u0131 bir \u015fekilde s\u00fcrd\u00fcr\u00fclen yem hibesi deste\u011fi, Yenipazar\u2019da \u00fcreticilerle bulu\u015fturuldu. Ayd\u0131n B\u00fcy\u00fck\u015fehir Belediye Ba\u015fkan\u0131 \u00d6zlem \u00c7er\u00e7io\u011flu\u2019nun \u00fcretimin g\u00fc\u00e7lenmesine y\u00f6nelik \u00e7al\u0131\u015fmalar\u0131 do\u011frultusunda hayata ge\u00e7irilen destek kapsam\u0131nda, 5 ve alt\u0131nda b\u00fcy\u00fckba\u015f hayvana sahip \u00fcreticilere s\u0131\u011f\u0131r s\u00fct&#8230;<\/p>\n","protected":false},"author":1,"featured_media":93790,"comment_status":"open","ping_status":"open","sticky":false,"template":"","format":"standard","meta":{"_crdt_document":"","footnotes":""},"categories":[1],"tags":[],"class_list":["post-93789","post","type-post","status-publish","format-standard","has-post-thumbnail","hentry","category-guncel"],"_links":{"self":[{"href":"https:\/\/www.egemtv.com\/index.php?rest_route=\/wp\/v2\/posts\/93789","targetHints":{"allow":["GET"]}}],"collection":[{"href":"https:\/\/www.egemtv.com\/index.php?rest_route=\/wp\/v2\/posts"}],"about":[{"href":"https:\/\/www.egemtv.com\/index.php?rest_route=\/wp\/v2\/types\/post"}],"author":[{"embeddable":true,"href":"https:\/\/www.egemtv.com\/index.php?rest_route=\/wp\/v2\/users\/1"}],"replies":[{"embeddable":true,"href":"https:\/\/www.egemtv.com\/index.php?rest_route=%2Fwp%2Fv2%2Fcomments&post=93789"}],"version-history":[{"count":1,"href":"https:\/\/www.egemtv.com\/index.php?rest_route=\/wp\/v2\/posts\/93789\/revisions"}],"predecessor-version":[{"id":93791,"href":"https:\/\/www.egemtv.com\/index.php?rest_route=\/wp\/v2\/posts\/93789\/revisions\/93791"}],"wp:featuredmedia":[{"embeddable":true,"href":"https:\/\/www.egemtv.com\/index.php?rest_route=\/wp\/v2\/media\/93790"}],"wp:attachment":[{"href":"https:\/\/www.egemtv.com\/index.php?rest_route=%2Fwp%2Fv2%2Fmedia&parent=93789"}],"wp:term":[{"taxonomy":"category","embeddable":true,"href":"https:\/\/www.egemtv.com\/index.php?rest_route=%2Fwp%2Fv2%2Fcategories&post=93789"},{"taxonomy":"post_tag","embeddable":true,"href":"https:\/\/www.egemtv.com\/index.php?rest_route=%2Fwp%2Fv2%2Ftags&post=93789"}],"curies":[{"name":"wp","href":"https:\/\/api.w.org\/{rel}","templated":true}]}}