{"id":93783,"date":"2026-03-12T18:14:49","date_gmt":"2026-03-12T15:14:49","guid":{"rendered":"https:\/\/www.egemtv.com\/?p=93783"},"modified":"2026-03-12T18:14:51","modified_gmt":"2026-03-12T15:14:51","slug":"milli-sair-mehmet-akif-ersoy-aliagada-anildi","status":"publish","type":"post","link":"https:\/\/www.egemtv.com\/?p=93783","title":{"rendered":"Milli \u015eair Mehmet Akif Ersoy Alia\u011fa\u2019da an\u0131ld\u0131"},"content":{"rendered":"<p>Milli \u015eair Mehmet Akif Ersoy, \u0130stiklal Mar\u015f\u0131\u2019n\u0131n kabul\u00fcn\u00fcn 105\u2019inci y\u0131l\u0131nda Alia\u011fa\u2019da d\u00fczenlenen programla an\u0131ld\u0131.<br \/>\n<br \/>T\u00fcpra\u015f Halk E\u011fitimi Merkezi\u2019nde ger\u00e7ekle\u015ftirilen programa Alia\u011fa Kaymakam\u0131 Zekeriya G\u00fcney, Alia\u011fa Belediye Ba\u015fkan\u0131 Serkan Acar, Garnizon Komutan\u0131 Albay Ali G\u00fcler, Alia\u011fa Cumhuriyet Ba\u015fsavc\u0131s\u0131 Serkan Ba\u015faran, Alia\u011fa \u0130l\u00e7e Milli E\u011fitim M\u00fcd\u00fcr\u00fc Dr. Erdo\u011fan Aky\u00fcz, Alia\u011fa \u0130l\u00e7e Jandarma Komutan\u0131 Binba\u015f\u0131 Yusuf Can G\u00f6kg\u00f6z, Alia\u011fa \u0130l\u00e7e Emniyet M\u00fcd\u00fcr\u00fc Ahmet Can, siyasi parti temsilcileri, daire amirleri, okul m\u00fcd\u00fcrleri, \u00f6\u011fretmenler, \u00f6\u011frenciler ve veliler kat\u0131ld\u0131.<\/p>\n<p>&#8220;\u0130stiklal Mar\u015f\u0131 esarete kar\u015f\u0131 \u00f6zg\u00fcrl\u00fc\u011f\u00fcn, umutsuzlu\u011fa kar\u015f\u0131 cesaretin ve karanl\u0131\u011fa kar\u015f\u0131 umudun simgesidir&#8221;<br \/>\n<br \/>Alia\u011fa Cumhuriyet \u0130lkokulu \u00f6\u011fretmen ve \u00f6\u011frencileri taraf\u0131ndan d\u00fczenlenen anma program\u0131, sayg\u0131 duru\u015funda bulunulmas\u0131 ve \u0130stiklal Mar\u015f\u0131\u2019n\u0131n okunmas\u0131n\u0131n ard\u0131ndan, \u0130l\u00e7e Milli E\u011fitim M\u00fcd\u00fcr\u00fc Dr. Erdo\u011fan Aky\u00fcz\u2019\u00fcn g\u00fcn\u00fcn anlam ve \u00f6nemine ili\u015fkin konu\u015fmas\u0131yla ba\u015flad\u0131. Aky\u00fcz, &#8220;\u0130stiklal Mar\u015f\u0131 yaln\u0131zca bir \u015fiir de\u011fil bir milletin iman\u0131n\u0131n, direni\u015finin ve ba\u011f\u0131ms\u0131zl\u0131k kararl\u0131l\u0131\u011f\u0131n\u0131n bir g\u00f6stergesidir. Kurtulu\u015f Sava\u015f\u0131\u2019n\u0131n en zor g\u00fcnlerinde milletimizin kalbinden y\u00fckselen bu g\u00fc\u00e7l\u00fc ses, Mehmet Akif\u2019in kaleminde hayat bulmu\u015f ve ebediyete kadar ya\u015fayacakt\u0131r. Mehmet Akif Ersoy\u2019un \u2018Korkma\u2019 diye ba\u015flayan \u00e7a\u011fr\u0131s\u0131 bug\u00fcn de bu topraklarda yank\u0131lanmaya devam etmektedir. Bu \u00e7a\u011fr\u0131; esarete kar\u015f\u0131 \u00f6zg\u00fcrl\u00fc\u011f\u00fcn, umutsuzlu\u011fa kar\u015f\u0131 cesaretin ve karanl\u0131\u011fa kar\u015f\u0131 umudun simgesidir. Bu vesileyle ba\u015fta Gazi Mustafa Kemal Atat\u00fcrk ve silah arkada\u015flar\u0131 olmak \u00fczere, vatan\u0131m\u0131z\u0131n ba\u011f\u0131ms\u0131zl\u0131\u011f\u0131 u\u011fruna canlar\u0131n\u0131 feda eden t\u00fcm aziz \u015fehitlerimizi rahmet ve minnetle an\u0131yor; \u0130stiklal Mar\u015f\u0131\u2019m\u0131z\u0131n \u015fairi Mehmet Akif Ersoy\u2019u sayg\u0131 ve \u015f\u00fckranla yad ediyorum&#8221;<\/p>\n<p>\u0130lkokul \u00f6\u011frencilerden \u015fiir ve g\u00f6steriler<br \/>\n<br \/>Program, Mehmet Akif Ersoy\u2019un hayat\u0131n\u0131 anlatan slayt g\u00f6sterisiyle ba\u015flad\u0131. Slayt g\u00f6sterisini takiben, Alia\u011fa Cumhuriyet \u0130lkokulu 4. s\u0131n\u0131f \u00f6\u011frencisi Heval Yi\u011fit Alyakut, piyano e\u015fli\u011finde \u0130stiklal Mar\u015f\u0131n\u0131 seslendirdi. Etkinlikte ayr\u0131ca, 3. ve 4. s\u0131n\u0131f \u00f6\u011frencilerinin koro g\u00f6sterisi sahnelendi. \u00d6\u011frenciler ve \u00f6\u011fretmenler taraf\u0131ndan seslendirilen &#8220;\u0130stiklalden \u0130stikbale&#8221; adl\u0131 oratoryo, izleyenlerin be\u011fenisini toplad\u0131. Program kapsam\u0131nda, Mehmet Akif Ersoy\u2019un mektubu okunarak misafirlere takdim edildi. Anma program\u0131, \u00e7ekilen hat\u0131ra foto\u011fraflar\u0131 ile sona erdi.<br \/><\/p>\n","protected":false},"excerpt":{"rendered":"<p>Milli \u015eair Mehmet Akif Ersoy, \u0130stiklal Mar\u015f\u0131\u2019n\u0131n kabul\u00fcn\u00fcn 105\u2019inci y\u0131l\u0131nda Alia\u011fa\u2019da d\u00fczenlenen programla an\u0131ld\u0131. T\u00fcpra\u015f Halk E\u011fitimi Merkezi\u2019nde ger\u00e7ekle\u015ftirilen programa Alia\u011fa Kaymakam\u0131 Zekeriya G\u00fcney, Alia\u011fa Belediye Ba\u015fkan\u0131 Serkan Acar, Garnizon Komutan\u0131 Albay Ali G\u00fcler, Alia\u011fa Cumhuriyet Ba\u015fsavc\u0131s\u0131 Serkan Ba\u015faran, Alia\u011fa \u0130l\u00e7e Milli E\u011fitim M\u00fcd\u00fcr\u00fc Dr. Erdo\u011fan Aky\u00fcz, Alia\u011fa \u0130l\u00e7e Jandarma Komutan\u0131 Binba\u015f\u0131 Yusuf Can G\u00f6kg\u00f6z,&#8230;<\/p>\n","protected":false},"author":1,"featured_media":93784,"comment_status":"open","ping_status":"open","sticky":false,"template":"","format":"standard","meta":{"_crdt_document":"","footnotes":""},"categories":[1],"tags":[],"class_list":["post-93783","post","type-post","status-publish","format-standard","has-post-thumbnail","hentry","category-guncel"],"_links":{"self":[{"href":"https:\/\/www.egemtv.com\/index.php?rest_route=\/wp\/v2\/posts\/93783","targetHints":{"allow":["GET"]}}],"collection":[{"href":"https:\/\/www.egemtv.com\/index.php?rest_route=\/wp\/v2\/posts"}],"about":[{"href":"https:\/\/www.egemtv.com\/index.php?rest_route=\/wp\/v2\/types\/post"}],"author":[{"embeddable":true,"href":"https:\/\/www.egemtv.com\/index.php?rest_route=\/wp\/v2\/users\/1"}],"replies":[{"embeddable":true,"href":"https:\/\/www.egemtv.com\/index.php?rest_route=%2Fwp%2Fv2%2Fcomments&post=93783"}],"version-history":[{"count":1,"href":"https:\/\/www.egemtv.com\/index.php?rest_route=\/wp\/v2\/posts\/93783\/revisions"}],"predecessor-version":[{"id":93785,"href":"https:\/\/www.egemtv.com\/index.php?rest_route=\/wp\/v2\/posts\/93783\/revisions\/93785"}],"wp:featuredmedia":[{"embeddable":true,"href":"https:\/\/www.egemtv.com\/index.php?rest_route=\/wp\/v2\/media\/93784"}],"wp:attachment":[{"href":"https:\/\/www.egemtv.com\/index.php?rest_route=%2Fwp%2Fv2%2Fmedia&parent=93783"}],"wp:term":[{"taxonomy":"category","embeddable":true,"href":"https:\/\/www.egemtv.com\/index.php?rest_route=%2Fwp%2Fv2%2Fcategories&post=93783"},{"taxonomy":"post_tag","embeddable":true,"href":"https:\/\/www.egemtv.com\/index.php?rest_route=%2Fwp%2Fv2%2Ftags&post=93783"}],"curies":[{"name":"wp","href":"https:\/\/api.w.org\/{rel}","templated":true}]}}