{"id":93777,"date":"2026-03-12T17:34:54","date_gmt":"2026-03-12T14:34:54","guid":{"rendered":"https:\/\/www.egemtv.com\/?p=93777"},"modified":"2026-03-12T17:34:57","modified_gmt":"2026-03-12T14:34:57","slug":"ak-partili-baskanlarin-kavgasi-emniyette-bitti","status":"publish","type":"post","link":"https:\/\/www.egemtv.com\/?p=93777","title":{"rendered":"AK Partili ba\u015fkanlar\u0131n kavgas\u0131 emniyette bitti"},"content":{"rendered":"<p>Ayd\u0131n\u2019da AK Parti \u0130ncirliova \u0130l\u00e7e Ba\u015fkan\u0131 ile Gen\u00e7lik Kollar\u0131 Ba\u015fkan\u0131 aras\u0131nda \u00e7\u0131kan ve vatanda\u015f kameras\u0131na yans\u0131yan kavga karakolda bitti.<br \/>\n<br \/>Olay, d\u00fcn gece \u0130ncirliova Sulupark Meydan\u0131\u2019ndaki AK Parti il\u00e7e binas\u0131 \u00f6n\u00fcnde meydana geldi. \u0130ftar sonras\u0131 vatanda\u015flar\u0131n yo\u011fun oldu\u011fu meydanda hen\u00fcz a\u00e7\u0131klanmayan bir sebepten dolay\u0131 \u0130ncirliova \u0130l\u00e7e Ba\u015fkan\u0131 Mehmet Y\u00fczba\u015f\u0131o\u011flu ile Gen\u00e7lik Kollar\u0131 Ba\u015fkan\u0131 Yasin Ge\u00e7gel aras\u0131nda kavga \u00e7\u0131kt\u0131. \u00c7evredekilerin cep telofonu kameras\u0131na yans\u0131yan kavgada birbirine giren iki ba\u015fkan\u0131 vatanda\u015flar ve partililer ay\u0131rmaya \u00e7al\u0131\u015ft\u0131. Polisin m\u00fcdahale etti\u011fi olay emniyette son buldu.<br \/>\n<br \/>AK Parti Ayd\u0131n \u0130l Ba\u015fkanl\u0131\u011f\u0131\u2019nca konuya ili\u015fkin yap\u0131lan a\u00e7\u0131klamada her iki ba\u015fkan\u0131n da g\u00f6revinden al\u0131nd\u0131\u011f\u0131 duyuruldu. A\u00e7\u0131klamada, &#8220;\u0130ncirliova il\u00e7emizde ya\u015fanan ve kamuoyuna yans\u0131yan, bizleri \u00fczen ve tasvip etmedi\u011fimiz olaylar sonras\u0131nda; s\u00fcrecin sa\u011fduyu i\u00e7erisinde y\u00fcr\u00fct\u00fclmesi ve te\u015fkilat \u00e7al\u0131\u015fmalar\u0131m\u0131z\u0131n zarar g\u00f6rmemesi ad\u0131na AK Parti \u0130ncirliova \u0130l\u00e7e Ba\u015fkan\u0131m\u0131z Mehmet Y\u00fczba\u015f\u0131o\u011flu ile AK Parti \u0130ncirliova \u0130l\u00e7e Gen\u00e7lik Kollar\u0131 Ba\u015fkan\u0131m\u0131z Yasin Ge\u00e7gel g\u00f6revlerinden istifa dilek\u00e7elerini \u0130l Ba\u015fkanl\u0131\u011f\u0131m\u0131za sunmu\u015flard\u0131r. S\u00fcrecin sa\u011fl\u0131kl\u0131 bir \u015fekilde ilerlemesi ad\u0131na gerekli ad\u0131mlar kararl\u0131l\u0131kla at\u0131lmaya devam edilecektir&#8221; denildi.<br \/><\/p>\n","protected":false},"excerpt":{"rendered":"<p>Ayd\u0131n\u2019da AK Parti \u0130ncirliova \u0130l\u00e7e Ba\u015fkan\u0131 ile Gen\u00e7lik Kollar\u0131 Ba\u015fkan\u0131 aras\u0131nda \u00e7\u0131kan ve vatanda\u015f kameras\u0131na yans\u0131yan kavga karakolda bitti. Olay, d\u00fcn gece \u0130ncirliova Sulupark Meydan\u0131\u2019ndaki AK Parti il\u00e7e binas\u0131 \u00f6n\u00fcnde meydana geldi. \u0130ftar sonras\u0131 vatanda\u015flar\u0131n yo\u011fun oldu\u011fu meydanda hen\u00fcz a\u00e7\u0131klanmayan bir sebepten dolay\u0131 \u0130ncirliova \u0130l\u00e7e Ba\u015fkan\u0131 Mehmet Y\u00fczba\u015f\u0131o\u011flu ile Gen\u00e7lik Kollar\u0131 Ba\u015fkan\u0131 Yasin Ge\u00e7gel aras\u0131nda&#8230;<\/p>\n","protected":false},"author":1,"featured_media":93778,"comment_status":"open","ping_status":"open","sticky":false,"template":"","format":"standard","meta":{"_crdt_document":"","footnotes":""},"categories":[5],"tags":[],"class_list":["post-93777","post","type-post","status-publish","format-standard","has-post-thumbnail","hentry","category-asayis"],"_links":{"self":[{"href":"https:\/\/www.egemtv.com\/index.php?rest_route=\/wp\/v2\/posts\/93777","targetHints":{"allow":["GET"]}}],"collection":[{"href":"https:\/\/www.egemtv.com\/index.php?rest_route=\/wp\/v2\/posts"}],"about":[{"href":"https:\/\/www.egemtv.com\/index.php?rest_route=\/wp\/v2\/types\/post"}],"author":[{"embeddable":true,"href":"https:\/\/www.egemtv.com\/index.php?rest_route=\/wp\/v2\/users\/1"}],"replies":[{"embeddable":true,"href":"https:\/\/www.egemtv.com\/index.php?rest_route=%2Fwp%2Fv2%2Fcomments&post=93777"}],"version-history":[{"count":1,"href":"https:\/\/www.egemtv.com\/index.php?rest_route=\/wp\/v2\/posts\/93777\/revisions"}],"predecessor-version":[{"id":93779,"href":"https:\/\/www.egemtv.com\/index.php?rest_route=\/wp\/v2\/posts\/93777\/revisions\/93779"}],"wp:featuredmedia":[{"embeddable":true,"href":"https:\/\/www.egemtv.com\/index.php?rest_route=\/wp\/v2\/media\/93778"}],"wp:attachment":[{"href":"https:\/\/www.egemtv.com\/index.php?rest_route=%2Fwp%2Fv2%2Fmedia&parent=93777"}],"wp:term":[{"taxonomy":"category","embeddable":true,"href":"https:\/\/www.egemtv.com\/index.php?rest_route=%2Fwp%2Fv2%2Fcategories&post=93777"},{"taxonomy":"post_tag","embeddable":true,"href":"https:\/\/www.egemtv.com\/index.php?rest_route=%2Fwp%2Fv2%2Ftags&post=93777"}],"curies":[{"name":"wp","href":"https:\/\/api.w.org\/{rel}","templated":true}]}}