{"id":93774,"date":"2026-03-12T17:14:50","date_gmt":"2026-03-12T14:14:50","guid":{"rendered":"https:\/\/www.egemtv.com\/?p=93774"},"modified":"2026-03-12T17:14:51","modified_gmt":"2026-03-12T14:14:51","slug":"zirai-dondan-zarar-goren-ureticilere-fidan-destegi","status":"publish","type":"post","link":"https:\/\/www.egemtv.com\/?p=93774","title":{"rendered":"Zirai dondan zarar g\u00f6ren \u00fcreticilere fidan deste\u011fi"},"content":{"rendered":"<p>Mu\u011fla B\u00fcy\u00fck\u015fehir Belediyesi, K\u00f6yce\u011fiz\u2019de ge\u00e7ti\u011fimiz y\u0131l ya\u015fanan \u015fiddetli don nedeniyle a\u011fa\u00e7lar\u0131 zarar g\u00f6ren \u00fcreticilere destek olmak amac\u0131yla fidan da\u011f\u0131t\u0131m\u0131 ger\u00e7ekle\u015ftirdi. \u00c7al\u0131\u015fma kapsam\u0131nda \u00fcreticilere bin 500 adet narenciye fidan\u0131 deste\u011fi sa\u011fland\u0131.<br \/>\n<br \/>Ge\u00e7en y\u0131l mart ay\u0131nda etkili olan so\u011fuk hava dalgas\u0131 nedeniyle b\u00f6lgede bir\u00e7ok \u00fcreticinin a\u011fa\u00e7lar\u0131 zarar g\u00f6rm\u00fc\u015f, tar\u0131msal \u00fcretimde kay\u0131plar ya\u015fanm\u0131\u015ft\u0131. Mu\u011fla B\u00fcy\u00fck\u015fehir Belediyesi, ya\u015fanan ma\u011fduriyetlerin giderilmesi amac\u0131yla daha \u00f6nce bitki besleme deste\u011fi ile zirai ila\u00e7 deste\u011finde bulunmu\u015f ve Akdeniz sine\u011fi ile m\u00fccadele kapsam\u0131nda kapan da\u011f\u0131t\u0131m\u0131 ger\u00e7ekle\u015ftirmi\u015fti. Son olarak yap\u0131lan fidan deste\u011fi ile \u00fcreticilerin yeniden \u00fcretime kazand\u0131r\u0131lmas\u0131 hedefleniyor.<br \/>\n<br \/>K\u00f6yce\u011fiz Zaferler Mahallesi Muhtar\u0131 Sedat Ayhan, 2025 y\u0131l\u0131nda ya\u015fanan don olay\u0131n\u0131n \u00fcr\u00fcnlerde b\u00fcy\u00fck hasara yol a\u00e7t\u0131\u011f\u0131n\u0131 belirterek, &#8220;2025 y\u0131l\u0131nda b\u00fcy\u00fck don oldu. Dondan k\u0131s\u0131m k\u0131s\u0131m b\u00fcy\u00fck hasarlar oldu. Bu hasarlar\u0131 kapatmak i\u00e7in \u00e7ok de\u011ferli k\u0131ymetli B\u00fcy\u00fck\u015fehir Belediye Ba\u015fkan\u0131m\u0131z Ahmet Aras\u2019a buradan sonsuz te\u015fekk\u00fcrlerimi g\u00f6nderiyorum. \u0130lk anda zirai ila\u00e7 da\u011f\u0131tt\u0131. Yaz\u0131n Akdeniz sine\u011fi i\u00e7in kapanlar da\u011f\u0131tt\u0131. \u015eimdi de eksikleri kapatmak i\u00e7in bize fidan g\u00f6nderdi. Kendisine \u00e7ok te\u015fekk\u00fcr ediyorum&#8221; dedi.<br \/>\n<br \/>K\u00f6yce\u011fiz D\u00f6\u011f\u00fc\u015fbelen Mahallesi Muhtar\u0131 Sel\u00e7uk G\u00f6kp\u0131nar ise ge\u00e7en y\u0131l mart ay\u0131nda ya\u015fanan so\u011fuk hava ak\u0131m\u0131n\u0131n \u00fcreticileri ma\u011fdur etti\u011fini ifade ederek, &#8220;Ge\u00e7en sene Mart ay\u0131nda ya\u015fanan so\u011fuk hava ak\u0131m\u0131ndan dolay\u0131 meydana gelen a\u011fa\u00e7larda kurumadan dolay\u0131 \u00fcreticimiz ma\u011fdur olmu\u015ftu. Bu ma\u011fduriyetin giderilmesinde faydas\u0131 olan Mu\u011fla B\u00fcy\u00fck\u015fehir Belediye Ba\u015fkan\u0131 Ahmet Aras\u2019a, Tar\u0131msal Daire Ba\u015fkanl\u0131\u011f\u0131na, bu fidanlar\u0131n da\u011f\u0131t\u0131m\u0131nda yard\u0131mc\u0131 olan emek\u00e7i karde\u015flerimize te\u015fekk\u00fcr ederiz. \u00dcreticilerimiz ad\u0131na ve k\u00f6y\u00fcm ad\u0131na&#8221; dedi.<br \/>\n<br \/>K\u0131y\u0131 Ege Belediyeler Birli\u011fi ve Mu\u011fla B\u00fcy\u00fck\u015fehir Belediye Ba\u015fkan\u0131 Ahmet Aras, tar\u0131msal \u00fcretimin Mu\u011fla i\u00e7in stratejik \u00f6neme sahip oldu\u011funu ve \u00fcreticilere destek olmaya devam edeceklerini, ge\u00e7en y\u0131l ya\u015fanan zirai don olay\u0131nda \u00fcreticilerin ma\u011fduriyetini en aza indirmek i\u00e7in h\u0131zl\u0131 \u015fekilde harekete ge\u00e7tiklerini ve bitki besleme, zirai ila\u00e7 ve kapan desteklerinin ard\u0131ndan bug\u00fcn fidan da\u011f\u0131t\u0131m\u0131yla \u00e7ift\u00e7ilerin yeniden \u00fcretime devam etmelerini sa\u011flad\u0131klar\u0131n\u0131 a\u00e7\u0131klad\u0131.<br \/><\/p>\n","protected":false},"excerpt":{"rendered":"<p>Mu\u011fla B\u00fcy\u00fck\u015fehir Belediyesi, K\u00f6yce\u011fiz\u2019de ge\u00e7ti\u011fimiz y\u0131l ya\u015fanan \u015fiddetli don nedeniyle a\u011fa\u00e7lar\u0131 zarar g\u00f6ren \u00fcreticilere destek olmak amac\u0131yla fidan da\u011f\u0131t\u0131m\u0131 ger\u00e7ekle\u015ftirdi. \u00c7al\u0131\u015fma kapsam\u0131nda \u00fcreticilere bin 500 adet narenciye fidan\u0131 deste\u011fi sa\u011fland\u0131. Ge\u00e7en y\u0131l mart ay\u0131nda etkili olan so\u011fuk hava dalgas\u0131 nedeniyle b\u00f6lgede bir\u00e7ok \u00fcreticinin a\u011fa\u00e7lar\u0131 zarar g\u00f6rm\u00fc\u015f, tar\u0131msal \u00fcretimde kay\u0131plar ya\u015fanm\u0131\u015ft\u0131. Mu\u011fla B\u00fcy\u00fck\u015fehir Belediyesi, ya\u015fanan ma\u011fduriyetlerin&#8230;<\/p>\n","protected":false},"author":1,"featured_media":93775,"comment_status":"open","ping_status":"open","sticky":false,"template":"","format":"standard","meta":{"_crdt_document":"","footnotes":""},"categories":[125],"tags":[],"class_list":["post-93774","post","type-post","status-publish","format-standard","has-post-thumbnail","hentry","category-ekonomi"],"_links":{"self":[{"href":"https:\/\/www.egemtv.com\/index.php?rest_route=\/wp\/v2\/posts\/93774","targetHints":{"allow":["GET"]}}],"collection":[{"href":"https:\/\/www.egemtv.com\/index.php?rest_route=\/wp\/v2\/posts"}],"about":[{"href":"https:\/\/www.egemtv.com\/index.php?rest_route=\/wp\/v2\/types\/post"}],"author":[{"embeddable":true,"href":"https:\/\/www.egemtv.com\/index.php?rest_route=\/wp\/v2\/users\/1"}],"replies":[{"embeddable":true,"href":"https:\/\/www.egemtv.com\/index.php?rest_route=%2Fwp%2Fv2%2Fcomments&post=93774"}],"version-history":[{"count":1,"href":"https:\/\/www.egemtv.com\/index.php?rest_route=\/wp\/v2\/posts\/93774\/revisions"}],"predecessor-version":[{"id":93776,"href":"https:\/\/www.egemtv.com\/index.php?rest_route=\/wp\/v2\/posts\/93774\/revisions\/93776"}],"wp:featuredmedia":[{"embeddable":true,"href":"https:\/\/www.egemtv.com\/index.php?rest_route=\/wp\/v2\/media\/93775"}],"wp:attachment":[{"href":"https:\/\/www.egemtv.com\/index.php?rest_route=%2Fwp%2Fv2%2Fmedia&parent=93774"}],"wp:term":[{"taxonomy":"category","embeddable":true,"href":"https:\/\/www.egemtv.com\/index.php?rest_route=%2Fwp%2Fv2%2Fcategories&post=93774"},{"taxonomy":"post_tag","embeddable":true,"href":"https:\/\/www.egemtv.com\/index.php?rest_route=%2Fwp%2Fv2%2Ftags&post=93774"}],"curies":[{"name":"wp","href":"https:\/\/api.w.org\/{rel}","templated":true}]}}