{"id":93771,"date":"2026-03-12T16:54:43","date_gmt":"2026-03-12T13:54:43","guid":{"rendered":"https:\/\/www.egemtv.com\/?p=93771"},"modified":"2026-03-12T16:54:44","modified_gmt":"2026-03-12T13:54:44","slug":"bos-evi-yaktigi-iddia-edilen-supheli-tutuklandi","status":"publish","type":"post","link":"https:\/\/www.egemtv.com\/?p=93771","title":{"rendered":"Bo\u015f evi yakt\u0131\u011f\u0131 iddia edilen \u015f\u00fcpheli tutukland\u0131"},"content":{"rendered":"<p>Denizli\u2019nin Buldan il\u00e7esinde bo\u015f bir evde \u00e7\u0131kan yang\u0131nla ilgili y\u00fcr\u00fct\u00fclen soru\u015fturma kapsam\u0131nda g\u00f6zalt\u0131na al\u0131nan \u015f\u00fcpheli, \u00e7\u0131kar\u0131ld\u0131\u011f\u0131 mahkemece tutuklanarak cezaevine g\u00f6nderildi.<br \/>\n<br \/>Denizli\u2019nin Buldan il\u00e7esi Kar\u015f\u0131yaka Mahallesi\u2019nde ge\u00e7ti\u011fimiz g\u00fcnlerde bo\u015f durumda bulunan bir evde \u00e7\u0131kan yang\u0131nla ilgili y\u00fcr\u00fct\u00fclen soru\u015fturma kapsam\u0131nda bir ki\u015fi tutukland\u0131. Edinilen bilgilere g\u00f6re, yang\u0131n\u0131n ard\u0131ndan ba\u015flat\u0131lan inceleme ve soru\u015fturma kapsam\u0131nda olay\u0131n kundaklama olabilece\u011fi ihtimali \u00fczerinde duruldu. Buldan Cumhuriyet Ba\u015fsavc\u0131l\u0131\u011f\u0131 koordinesinde y\u00fcr\u00fct\u00fclen \u00e7al\u0131\u015fmalar sonucunda \u015f\u00fcpheli \u0130.\u00d6. yakalanarak g\u00f6zalt\u0131na al\u0131nd\u0131.<br \/>\n<br \/>Emniyetteki i\u015flemlerinin ard\u0131ndan adliyeye sevk edilen \u0130.\u00d6., \u00e7\u0131kar\u0131ld\u0131\u011f\u0131 mahkemece tutuklanarak cezaevine g\u00f6nderildi.<br \/><\/p>\n","protected":false},"excerpt":{"rendered":"<p>Denizli\u2019nin Buldan il\u00e7esinde bo\u015f bir evde \u00e7\u0131kan yang\u0131nla ilgili y\u00fcr\u00fct\u00fclen soru\u015fturma kapsam\u0131nda g\u00f6zalt\u0131na al\u0131nan \u015f\u00fcpheli, \u00e7\u0131kar\u0131ld\u0131\u011f\u0131 mahkemece tutuklanarak cezaevine g\u00f6nderildi. Denizli\u2019nin Buldan il\u00e7esi Kar\u015f\u0131yaka Mahallesi\u2019nde ge\u00e7ti\u011fimiz g\u00fcnlerde bo\u015f durumda bulunan bir evde \u00e7\u0131kan yang\u0131nla ilgili y\u00fcr\u00fct\u00fclen soru\u015fturma kapsam\u0131nda bir ki\u015fi tutukland\u0131. Edinilen bilgilere g\u00f6re, yang\u0131n\u0131n ard\u0131ndan ba\u015flat\u0131lan inceleme ve soru\u015fturma kapsam\u0131nda olay\u0131n kundaklama olabilece\u011fi ihtimali&#8230;<\/p>\n","protected":false},"author":1,"featured_media":93772,"comment_status":"open","ping_status":"open","sticky":false,"template":"","format":"standard","meta":{"_crdt_document":"","footnotes":""},"categories":[5],"tags":[],"class_list":["post-93771","post","type-post","status-publish","format-standard","has-post-thumbnail","hentry","category-asayis"],"_links":{"self":[{"href":"https:\/\/www.egemtv.com\/index.php?rest_route=\/wp\/v2\/posts\/93771","targetHints":{"allow":["GET"]}}],"collection":[{"href":"https:\/\/www.egemtv.com\/index.php?rest_route=\/wp\/v2\/posts"}],"about":[{"href":"https:\/\/www.egemtv.com\/index.php?rest_route=\/wp\/v2\/types\/post"}],"author":[{"embeddable":true,"href":"https:\/\/www.egemtv.com\/index.php?rest_route=\/wp\/v2\/users\/1"}],"replies":[{"embeddable":true,"href":"https:\/\/www.egemtv.com\/index.php?rest_route=%2Fwp%2Fv2%2Fcomments&post=93771"}],"version-history":[{"count":1,"href":"https:\/\/www.egemtv.com\/index.php?rest_route=\/wp\/v2\/posts\/93771\/revisions"}],"predecessor-version":[{"id":93773,"href":"https:\/\/www.egemtv.com\/index.php?rest_route=\/wp\/v2\/posts\/93771\/revisions\/93773"}],"wp:featuredmedia":[{"embeddable":true,"href":"https:\/\/www.egemtv.com\/index.php?rest_route=\/wp\/v2\/media\/93772"}],"wp:attachment":[{"href":"https:\/\/www.egemtv.com\/index.php?rest_route=%2Fwp%2Fv2%2Fmedia&parent=93771"}],"wp:term":[{"taxonomy":"category","embeddable":true,"href":"https:\/\/www.egemtv.com\/index.php?rest_route=%2Fwp%2Fv2%2Fcategories&post=93771"},{"taxonomy":"post_tag","embeddable":true,"href":"https:\/\/www.egemtv.com\/index.php?rest_route=%2Fwp%2Fv2%2Ftags&post=93771"}],"curies":[{"name":"wp","href":"https:\/\/api.w.org\/{rel}","templated":true}]}}