{"id":93768,"date":"2026-03-12T16:54:42","date_gmt":"2026-03-12T13:54:42","guid":{"rendered":"https:\/\/www.egemtv.com\/?p=93768"},"modified":"2026-03-12T16:54:43","modified_gmt":"2026-03-12T13:54:43","slug":"izmirde-ogrenciler-istiklal-marsini-isaret-diliyle-okudu","status":"publish","type":"post","link":"https:\/\/www.egemtv.com\/?p=93768","title":{"rendered":"\u0130zmir\u2019de \u00f6\u011frenciler \u0130stiklal Mar\u015f\u0131\u2019n\u0131 i\u015faret diliyle okudu"},"content":{"rendered":"<p>\u0130zmir\u2019in Bal\u00e7ova il\u00e7esindeki Ertu\u011frulgazi \u0130lkokulunda e\u011fitim g\u00f6ren \u00f6\u011frenciler \u0130stiklal Mar\u015f\u0131\u2019n\u0131 i\u015faret diliyle okudu. Etkinlik ile \u00f6\u011frencilerin i\u015fitme engelli bireylerle empati kurmas\u0131 ama\u00e7land\u0131.<br \/>\n<br \/>Okul m\u00fcd\u00fcr\u00fc Mesut Y\u00fcksel \u00f6nc\u00fcl\u00fc\u011f\u00fcnde haz\u0131rlanan 12 Mart \u0130stiklal Mar\u015f\u0131\u2019n\u0131n Kabul\u00fc ve Mehmet Akif Ersoy\u2019u Anma G\u00fcn\u00fc program\u0131 i\u00e7in \u00f6\u011frencilere \u00f6nceden i\u015faret dili e\u011fitimi verildi. D\u00fczenlenen etkinlikte sahneye \u00e7\u0131kan \u00f6\u011frenciler, \u0130stiklal Mar\u015f\u0131\u2019n\u0131 i\u015faret diliyle icra etti. Program sayesinde \u00f6\u011frenciler, milli birlik ve beraberlik duygusunun yan\u0131 s\u0131ra kapsay\u0131c\u0131 toplum anlay\u0131\u015f\u0131n\u0131 deneyimleme f\u0131rsat\u0131 buldu.<\/p>\n<p>Hissederek \u00f6\u011frendiler<br \/>\n<br \/>Amac\u0131n sadece mar\u015f\u0131n s\u00f6zlerini \u00f6\u011frenmek olmad\u0131\u011f\u0131n\u0131 belirten okul m\u00fcd\u00fcr\u00fc Mesut Y\u00fcksel, &#8220;\u0130stiklal Mar\u015f\u0131, milletimizin ba\u011f\u0131ms\u0131zl\u0131k m\u00fccadelesinin en g\u00fc\u00e7l\u00fc sembollerinden biridir. Biz de \u00f6\u011frencilerimizin bu de\u011feri sadece ezberleyerek de\u011fil, hissederek \u00f6\u011frenmelerini istedik&#8221; dedi.<\/p>\n<p>Fark\u0131ndal\u0131k vurgusu<br \/>\n<br \/>\u00d6zel bireylerin d\u00fcnyas\u0131n\u0131n anla\u015f\u0131lmas\u0131n\u0131n \u00f6nemine de\u011finen Y\u00fcksel, &#8220;\u0130\u015faret diliyle \u0130stiklal Mar\u015f\u0131 okumak, hem milli de\u011ferlerimizi ya\u015fatmak hem de \u00f6zel bireylerin hayat\u0131na dair fark\u0131ndal\u0131k olu\u015fturmak a\u00e7\u0131s\u0131ndan \u00e7ok \u00f6nemli oldu. Amac\u0131m\u0131z \u00e7ocuklar\u0131m\u0131z\u0131n empati kurabilen, duyarl\u0131 ve bilin\u00e7li bireyler olarak yeti\u015fmelerine katk\u0131 sa\u011flamakt\u0131r&#8221; ifadelerini kulland\u0131.<br \/><\/p>\n","protected":false},"excerpt":{"rendered":"<p>\u0130zmir\u2019in Bal\u00e7ova il\u00e7esindeki Ertu\u011frulgazi \u0130lkokulunda e\u011fitim g\u00f6ren \u00f6\u011frenciler \u0130stiklal Mar\u015f\u0131\u2019n\u0131 i\u015faret diliyle okudu. Etkinlik ile \u00f6\u011frencilerin i\u015fitme engelli bireylerle empati kurmas\u0131 ama\u00e7land\u0131. Okul m\u00fcd\u00fcr\u00fc Mesut Y\u00fcksel \u00f6nc\u00fcl\u00fc\u011f\u00fcnde haz\u0131rlanan 12 Mart \u0130stiklal Mar\u015f\u0131\u2019n\u0131n Kabul\u00fc ve Mehmet Akif Ersoy\u2019u Anma G\u00fcn\u00fc program\u0131 i\u00e7in \u00f6\u011frencilere \u00f6nceden i\u015faret dili e\u011fitimi verildi. D\u00fczenlenen etkinlikte sahneye \u00e7\u0131kan \u00f6\u011frenciler, \u0130stiklal Mar\u015f\u0131\u2019n\u0131 i\u015faret&#8230;<\/p>\n","protected":false},"author":1,"featured_media":93769,"comment_status":"open","ping_status":"open","sticky":false,"template":"","format":"standard","meta":{"_crdt_document":"","footnotes":""},"categories":[1],"tags":[],"class_list":["post-93768","post","type-post","status-publish","format-standard","has-post-thumbnail","hentry","category-guncel"],"_links":{"self":[{"href":"https:\/\/www.egemtv.com\/index.php?rest_route=\/wp\/v2\/posts\/93768","targetHints":{"allow":["GET"]}}],"collection":[{"href":"https:\/\/www.egemtv.com\/index.php?rest_route=\/wp\/v2\/posts"}],"about":[{"href":"https:\/\/www.egemtv.com\/index.php?rest_route=\/wp\/v2\/types\/post"}],"author":[{"embeddable":true,"href":"https:\/\/www.egemtv.com\/index.php?rest_route=\/wp\/v2\/users\/1"}],"replies":[{"embeddable":true,"href":"https:\/\/www.egemtv.com\/index.php?rest_route=%2Fwp%2Fv2%2Fcomments&post=93768"}],"version-history":[{"count":1,"href":"https:\/\/www.egemtv.com\/index.php?rest_route=\/wp\/v2\/posts\/93768\/revisions"}],"predecessor-version":[{"id":93770,"href":"https:\/\/www.egemtv.com\/index.php?rest_route=\/wp\/v2\/posts\/93768\/revisions\/93770"}],"wp:featuredmedia":[{"embeddable":true,"href":"https:\/\/www.egemtv.com\/index.php?rest_route=\/wp\/v2\/media\/93769"}],"wp:attachment":[{"href":"https:\/\/www.egemtv.com\/index.php?rest_route=%2Fwp%2Fv2%2Fmedia&parent=93768"}],"wp:term":[{"taxonomy":"category","embeddable":true,"href":"https:\/\/www.egemtv.com\/index.php?rest_route=%2Fwp%2Fv2%2Fcategories&post=93768"},{"taxonomy":"post_tag","embeddable":true,"href":"https:\/\/www.egemtv.com\/index.php?rest_route=%2Fwp%2Fv2%2Ftags&post=93768"}],"curies":[{"name":"wp","href":"https:\/\/api.w.org\/{rel}","templated":true}]}}