{"id":93765,"date":"2026-03-12T16:54:41","date_gmt":"2026-03-12T13:54:41","guid":{"rendered":"https:\/\/www.egemtv.com\/?p=93765"},"modified":"2026-03-12T16:54:42","modified_gmt":"2026-03-12T13:54:42","slug":"mugla-buyuksehir-para-okculuk-takimindan-turkiye-ucunculugu","status":"publish","type":"post","link":"https:\/\/www.egemtv.com\/?p=93765","title":{"rendered":"Mu\u011fla B\u00fcy\u00fck\u015fehir Para-Ok\u00e7uluk tak\u0131m\u0131ndan T\u00fcrkiye \u00fc\u00e7\u00fcnc\u00fcl\u00fc\u011f\u00fc"},"content":{"rendered":"<p>Mu\u011fla B\u00fcy\u00fck\u015fehir Belediyesi sporcular\u0131 18 Mart \u00c7anakkale \u015eehitleri Para Ok\u00e7uluk T\u00fcrkiye Kupas\u0131ndan T\u00fcrkiye \u00fc\u00e7\u00fcnc\u00fcl\u00fc\u011f\u00fc ile d\u00f6nd\u00fc.<br \/>\n<br \/>09-10 Mart 2026 tarihleri aras\u0131nda Antalya\u2019da d\u00fczenlenen 18 Mart \u00c7anakkale \u015eehitleri Para Ok\u00e7uluk T\u00fcrkiye Kupas\u0131\u2019nda (TSP-1) m\u00fccadele eden Mu\u011fla B\u00fcy\u00fck\u015fehir Belediyesi sporcular\u0131 bireysel ve tak\u0131m kategorilerinde T\u00fcrkiye \u00fc\u00e7\u00fcnc\u00fcs\u00fc oldu.<br \/>\n<br \/>Mu\u011fla B\u00fcy\u00fck\u015fehir Belediyesi Spor Kul\u00fcb\u00fc Para-Ok\u00e7uluk Sporcular\u0131 Semray Ta\u015f \u00d6zer ve \u0130sa Umut Antalya 100. Y\u0131l Ok\u00e7uluk Tesislerinde 21 farkl\u0131 spor kul\u00fcb\u00fc ve 56 sporcu kat\u0131l\u0131m\u0131 ile ger\u00e7ekle\u015ftirilen 18 Mart \u00c7anakkale \u015eehitleri Para Ok\u00e7uluk T\u00fcrkiye Kupas\u0131\u2019nda (TSP-1) m\u00fccadele ettiler. B\u00fcy\u00fck\u015fehir Belediyesi sporcusu Semray Ta\u015f \u00d6zer, Para Makaral\u0131 Yay kategorisinde T\u00fcrkiye \u00fc\u00e7\u00fcnc\u00fcs\u00fc olarak bronz madalya kazand\u0131. Para Makaral\u0131 Yay Mix Tak\u0131m kategorisinde de Semray Ta\u015f \u00d6zer ve \u0130sa Umut rakiplerini geride b\u0131rakarak T\u00fcrkiye \u00fc\u00e7\u00fcnc\u00fcs\u00fc olarak bronz madalya kazand\u0131lar.<br \/>\n<br \/>Ba\u015fkan Aras; &#8220;Mu\u011fla\u2019m\u0131z\u0131 ve \u00fclkemizi ba\u015far\u0131yla temsil eden sporcular\u0131n yeti\u015fmesini ama\u00e7l\u0131yoruz&#8221;<br \/>\n<br \/>Bir\u00e7ok bran\u015fta Mu\u011fla\u2019y\u0131 ba\u015far\u0131yla temsilden sporcular\u0131m\u0131zla grur duyduklar\u0131n\u0131 belirten K\u0131y\u0131 Ege Belediyeler Birli\u011fi ve Mu\u011fla B\u00fcy\u00fck\u015fehir Belediye Ba\u015fkan\u0131 Ahmet Aras, Antalya\u2019da d\u00fczenlenen turnuvada T\u00fcrkiye \u00fc\u00e7\u00fcnc\u00fcl\u00fc\u011f\u00fcyle gururland\u0131ran B\u00fcy\u00fck\u015fehir Belediyesi ok\u00e7ular\u0131n\u0131 tebrik ederek \u015funlar\u0131 ifade etti:<br \/>\n<br \/>&#8220;Her ya\u015ftan hem\u015ferimizin ve \u00f6zellik gen\u00e7lerimizin spor yapabilmesi, yeteneklerini ke\u015ffetmesi, k\u00f6t\u00fc al\u0131\u015fkanl\u0131klardan uzak durmas\u0131 ve sa\u011fl\u0131kl\u0131 bir \u00f6m\u00fcr s\u00fcrmesi i\u00e7in spora yat\u0131r\u0131m\u0131m\u0131z s\u00fcr\u00fcyor. Ok\u00e7uluktan masa tenisine, voleyboldan taekwondoya her bran\u015fta B\u00fcy\u00fck\u015fehir Belediyesi Spor Kul\u00fcb\u00fc olarak var\u0131z. Mu\u011fla\u2019m\u0131z\u0131, yeri geldi\u011finde Milli tak\u0131mda \u00fclkemizi ba\u015far\u0131yla temsil eden sporcular\u0131n yeti\u015fmesini ama\u00e7l\u0131yoruz. Antalya\u2019da d\u00fczenlenen 18 Mart \u00c7anakkale \u015eehitleri Para Ok\u00e7uluk T\u00fcrkiye Kupas\u0131\u2019nda Mu\u011fla\u2019m\u0131z\u0131 ba\u015far\u0131yla temsil eden ok\u00e7ular\u0131m\u0131z\u0131 ve antren\u00f6rleri Alpaslan \u00d6zer\u2019i kutluyorum&#8221;<br \/><\/p>\n","protected":false},"excerpt":{"rendered":"<p>Mu\u011fla B\u00fcy\u00fck\u015fehir Belediyesi sporcular\u0131 18 Mart \u00c7anakkale \u015eehitleri Para Ok\u00e7uluk T\u00fcrkiye Kupas\u0131ndan T\u00fcrkiye \u00fc\u00e7\u00fcnc\u00fcl\u00fc\u011f\u00fc ile d\u00f6nd\u00fc. 09-10 Mart 2026 tarihleri aras\u0131nda Antalya\u2019da d\u00fczenlenen 18 Mart \u00c7anakkale \u015eehitleri Para Ok\u00e7uluk T\u00fcrkiye Kupas\u0131\u2019nda (TSP-1) m\u00fccadele eden Mu\u011fla B\u00fcy\u00fck\u015fehir Belediyesi sporcular\u0131 bireysel ve tak\u0131m kategorilerinde T\u00fcrkiye \u00fc\u00e7\u00fcnc\u00fcs\u00fc oldu. Mu\u011fla B\u00fcy\u00fck\u015fehir Belediyesi Spor Kul\u00fcb\u00fc Para-Ok\u00e7uluk Sporcular\u0131 Semray Ta\u015f \u00d6zer&#8230;<\/p>\n","protected":false},"author":1,"featured_media":93766,"comment_status":"open","ping_status":"open","sticky":false,"template":"","format":"standard","meta":{"_crdt_document":"","footnotes":""},"categories":[4],"tags":[],"class_list":["post-93765","post","type-post","status-publish","format-standard","has-post-thumbnail","hentry","category-spor"],"_links":{"self":[{"href":"https:\/\/www.egemtv.com\/index.php?rest_route=\/wp\/v2\/posts\/93765","targetHints":{"allow":["GET"]}}],"collection":[{"href":"https:\/\/www.egemtv.com\/index.php?rest_route=\/wp\/v2\/posts"}],"about":[{"href":"https:\/\/www.egemtv.com\/index.php?rest_route=\/wp\/v2\/types\/post"}],"author":[{"embeddable":true,"href":"https:\/\/www.egemtv.com\/index.php?rest_route=\/wp\/v2\/users\/1"}],"replies":[{"embeddable":true,"href":"https:\/\/www.egemtv.com\/index.php?rest_route=%2Fwp%2Fv2%2Fcomments&post=93765"}],"version-history":[{"count":1,"href":"https:\/\/www.egemtv.com\/index.php?rest_route=\/wp\/v2\/posts\/93765\/revisions"}],"predecessor-version":[{"id":93767,"href":"https:\/\/www.egemtv.com\/index.php?rest_route=\/wp\/v2\/posts\/93765\/revisions\/93767"}],"wp:featuredmedia":[{"embeddable":true,"href":"https:\/\/www.egemtv.com\/index.php?rest_route=\/wp\/v2\/media\/93766"}],"wp:attachment":[{"href":"https:\/\/www.egemtv.com\/index.php?rest_route=%2Fwp%2Fv2%2Fmedia&parent=93765"}],"wp:term":[{"taxonomy":"category","embeddable":true,"href":"https:\/\/www.egemtv.com\/index.php?rest_route=%2Fwp%2Fv2%2Fcategories&post=93765"},{"taxonomy":"post_tag","embeddable":true,"href":"https:\/\/www.egemtv.com\/index.php?rest_route=%2Fwp%2Fv2%2Ftags&post=93765"}],"curies":[{"name":"wp","href":"https:\/\/api.w.org\/{rel}","templated":true}]}}