{"id":93762,"date":"2026-03-12T16:54:40","date_gmt":"2026-03-12T13:54:40","guid":{"rendered":"https:\/\/www.egemtv.com\/?p=93762"},"modified":"2026-03-12T16:54:41","modified_gmt":"2026-03-12T13:54:41","slug":"vatandaslarin-talepleri-dinlenip-cozum-uretiliyor","status":"publish","type":"post","link":"https:\/\/www.egemtv.com\/?p=93762","title":{"rendered":"Vatanda\u015flar\u0131n talepleri dinlenip \u00e7\u00f6z\u00fcm \u00fcretiliyor"},"content":{"rendered":"<p>Yunusemre Belediye Ba\u015fkan\u0131 Semih Balaban, ziyaret programlar\u0131 kapsam\u0131nda ayn\u0131 g\u00fcn i\u00e7erisinde \u0130lyas\u00e7\u0131lar, Maldan, Ak\u00e7ak\u00f6y ve K\u00fc\u00e7\u00fckbelen olmak \u00fczere 4 mahalleyi ziyaret ederek vatanda\u015flarla bir araya geldi. Vatanda\u015flar\u0131n taleplerini dinleyen Ba\u015fkan Balaban, \u00e7\u00f6z\u00fcmleri vatanda\u015flarla birlikte \u00fcretmenin \u00e7ok de\u011ferli oldu\u011funu s\u00f6yledi.<br \/>\n<br \/>Yunusemre Belediye Ba\u015fkan\u0131 Semih Balaban, g\u00fcn\u00fcn erken saatlerinde ba\u015flayan programlar kapsam\u0131nda \u0130lyas\u00e7\u0131lar, Maldan, Ak\u00e7ak\u00f6y ve K\u00fc\u00e7\u00fckbelen sakinleriyle bulu\u015ftu. Mahalle muhtarlar\u0131 Kamil Co\u015fkun, \u0130sa Keskin, Harun Co\u015fkun, Feyzullah Can\u2019\u0131n yan\u0131 s\u0131ra vatanda\u015flarla da bir araya gelen Belediye Ba\u015fkan\u0131 Balaban, mahallelerin ihtiya\u00e7lar\u0131n\u0131 yerinde dinleyerek y\u00fcr\u00fct\u00fclen \u00e7al\u0131\u015fmalar hakk\u0131nda bilgi verdi. Belediye Ba\u015fkan Yard\u0131mc\u0131s\u0131 Emine \u00d6zge Arslan ve Muhtarl\u0131k \u0130\u015fleri M\u00fcd\u00fcr\u00fc Gizem Y\u0131ld\u0131z\u2019\u0131n da e\u015flik etti\u011fi ziyaretlerde mahalle sakinleri taleplerini do\u011frudan Belediye Ba\u015fkan\u0131 Balaban\u2019a iletme f\u0131rsat\u0131 buldu.<br \/>\n<br \/>Vatanda\u015flarla sohbet eden Belediye Ba\u015fkan\u0131 Balaban, Yunusemre Belediyesi\u2019nin k\u0131rsal mahallelere y\u00f6nelik hizmetlerini s\u00fcrd\u00fcrece\u011fini kaydetti. Balaban, yapt\u0131\u011f\u0131 de\u011ferlendirmede mahalle ziyaretlerinin \u00f6nemine dikkat \u00e7ekerek &#8220;Yunusemre\u2019nin her mahallesine e\u015fit hizmet g\u00f6t\u00fcrme anlay\u0131\u015f\u0131yla \u00e7al\u0131\u015f\u0131yoruz. Vatanda\u015flar\u0131m\u0131z\u0131n taleplerini yerinde dinlemek ve \u00e7\u00f6z\u00fcmleri birlikte \u00fcretmek bizim i\u00e7in \u00e7ok de\u011ferli&#8221; dedi.<br \/>\n<br \/>Mahalle sakinleri de ziyaretinden dolay\u0131 Ba\u015fkan Balaban\u2019a te\u015fekk\u00fcr ederek mahallelerine g\u00f6sterilen ilgiden memnuniyet duyduklar\u0131n\u0131 dile getirdi.<br \/><\/p>\n","protected":false},"excerpt":{"rendered":"<p>Yunusemre Belediye Ba\u015fkan\u0131 Semih Balaban, ziyaret programlar\u0131 kapsam\u0131nda ayn\u0131 g\u00fcn i\u00e7erisinde \u0130lyas\u00e7\u0131lar, Maldan, Ak\u00e7ak\u00f6y ve K\u00fc\u00e7\u00fckbelen olmak \u00fczere 4 mahalleyi ziyaret ederek vatanda\u015flarla bir araya geldi. Vatanda\u015flar\u0131n taleplerini dinleyen Ba\u015fkan Balaban, \u00e7\u00f6z\u00fcmleri vatanda\u015flarla birlikte \u00fcretmenin \u00e7ok de\u011ferli oldu\u011funu s\u00f6yledi. Yunusemre Belediye Ba\u015fkan\u0131 Semih Balaban, g\u00fcn\u00fcn erken saatlerinde ba\u015flayan programlar kapsam\u0131nda \u0130lyas\u00e7\u0131lar, Maldan, Ak\u00e7ak\u00f6y ve K\u00fc\u00e7\u00fckbelen&#8230;<\/p>\n","protected":false},"author":1,"featured_media":93763,"comment_status":"open","ping_status":"open","sticky":false,"template":"","format":"standard","meta":{"_crdt_document":"","footnotes":""},"categories":[127],"tags":[],"class_list":["post-93762","post","type-post","status-publish","format-standard","has-post-thumbnail","hentry","category-siyaset"],"_links":{"self":[{"href":"https:\/\/www.egemtv.com\/index.php?rest_route=\/wp\/v2\/posts\/93762","targetHints":{"allow":["GET"]}}],"collection":[{"href":"https:\/\/www.egemtv.com\/index.php?rest_route=\/wp\/v2\/posts"}],"about":[{"href":"https:\/\/www.egemtv.com\/index.php?rest_route=\/wp\/v2\/types\/post"}],"author":[{"embeddable":true,"href":"https:\/\/www.egemtv.com\/index.php?rest_route=\/wp\/v2\/users\/1"}],"replies":[{"embeddable":true,"href":"https:\/\/www.egemtv.com\/index.php?rest_route=%2Fwp%2Fv2%2Fcomments&post=93762"}],"version-history":[{"count":1,"href":"https:\/\/www.egemtv.com\/index.php?rest_route=\/wp\/v2\/posts\/93762\/revisions"}],"predecessor-version":[{"id":93764,"href":"https:\/\/www.egemtv.com\/index.php?rest_route=\/wp\/v2\/posts\/93762\/revisions\/93764"}],"wp:featuredmedia":[{"embeddable":true,"href":"https:\/\/www.egemtv.com\/index.php?rest_route=\/wp\/v2\/media\/93763"}],"wp:attachment":[{"href":"https:\/\/www.egemtv.com\/index.php?rest_route=%2Fwp%2Fv2%2Fmedia&parent=93762"}],"wp:term":[{"taxonomy":"category","embeddable":true,"href":"https:\/\/www.egemtv.com\/index.php?rest_route=%2Fwp%2Fv2%2Fcategories&post=93762"},{"taxonomy":"post_tag","embeddable":true,"href":"https:\/\/www.egemtv.com\/index.php?rest_route=%2Fwp%2Fv2%2Ftags&post=93762"}],"curies":[{"name":"wp","href":"https:\/\/api.w.org\/{rel}","templated":true}]}}