{"id":93759,"date":"2026-03-12T16:34:54","date_gmt":"2026-03-12T13:34:54","guid":{"rendered":"https:\/\/www.egemtv.com\/?p=93759"},"modified":"2026-03-12T16:34:55","modified_gmt":"2026-03-12T13:34:55","slug":"camelide-istiklal-marsinin-kabulunun-105-yili-duygu-dolu-programla-anildi","status":"publish","type":"post","link":"https:\/\/www.egemtv.com\/?p=93759","title":{"rendered":"\u00c7ameli\u2019de \u0130stikl\u00e2l Mar\u015f\u0131\u2019n\u0131n kabul\u00fcn\u00fcn 105. y\u0131l\u0131 duygu dolu programla an\u0131ld\u0131"},"content":{"rendered":"<p>\u00c7ameli\u2019de 12 Mart \u0130stikl\u00e2l Mar\u015f\u0131\u2019n\u0131n Kabul\u00fc ve Mehmet \u00c2kif Ersoy\u2019u Anma G\u00fcn\u00fc dolay\u0131s\u0131yla d\u00fczenlenen programda \u00f6\u011frencilerin sergiledi\u011fi oratoryo ve \u015fiir dinletileri b\u00fcy\u00fck be\u011feni toplad\u0131.<br \/>\n<br \/>Denizli\u2019nin \u00c7ameli il\u00e7esinde 12 Mart \u0130stikl\u00e2l Mar\u015f\u0131\u2019n\u0131n Kabul\u00fc ve Mehmet \u00c2kif Ersoy\u2019u Anma G\u00fcn\u00fc, d\u00fczenlenen anlaml\u0131 programla kutland\u0131. Program, \u00c7ameli Belediyesi Sezgin \u00d6zdemir Konferans Salonu\u2019nda ger\u00e7ekle\u015ftirildi. Programa; \u00c7ameli Kaymakam\u0131 Mustafa \u00c7elik, \u00c7ameli Belediye Ba\u015fkan\u0131 Cengiz Arslan, Cumhuriyet Savc\u0131s\u0131 Efekan Efe, AK Parti \u0130l\u00e7e Ba\u015fkan\u0131 Cengiz Y\u0131lmaz\u2019\u0131 temsilen Akide Gen\u00e7, CHP \u0130l\u00e7e Ba\u015fkan\u0131 Atila Ayd\u0131n, protokol \u00fcyeleri, \u00f6\u011fretmenler ve \u00f6\u011frenciler kat\u0131ld\u0131. Sayg\u0131 duru\u015fu ve \u0130stikl\u00e2l Mar\u015f\u0131\u2019n\u0131n okunmas\u0131yla ba\u015flayan programda g\u00fcn\u00fcn anlam ve \u00f6nemine ili\u015fkin konu\u015fmalar yap\u0131ld\u0131. \u00d6\u011frenciler taraf\u0131ndan sahnelenen oratoryo g\u00f6sterileri ve \u015fiir dinletileri ise salonda duygu dolu anlar ya\u015fatt\u0131.<br \/>\n<br \/>Program\u0131n sonunda \u00e7e\u015fitli yar\u0131\u015fmalarda dereceye giren \u00f6\u011frencilere \u00f6d\u00fclleri Kaymakam Mustafa \u00c7elik, Belediye Ba\u015fkan\u0131 Cengiz Arslan ve Cumhuriyet Savc\u0131s\u0131 Efekan Efe taraf\u0131ndan takdim edildi. \u00d6\u011frenciler tebrik edilirken, \u0130stikl\u00e2l Mar\u015f\u0131\u2019n\u0131n kabul\u00fcn\u00fcn 105. y\u0131l\u0131 co\u015fkuyla kutland\u0131.<br \/><\/p>\n","protected":false},"excerpt":{"rendered":"<p>\u00c7ameli\u2019de 12 Mart \u0130stikl\u00e2l Mar\u015f\u0131\u2019n\u0131n Kabul\u00fc ve Mehmet \u00c2kif Ersoy\u2019u Anma G\u00fcn\u00fc dolay\u0131s\u0131yla d\u00fczenlenen programda \u00f6\u011frencilerin sergiledi\u011fi oratoryo ve \u015fiir dinletileri b\u00fcy\u00fck be\u011feni toplad\u0131. Denizli\u2019nin \u00c7ameli il\u00e7esinde 12 Mart \u0130stikl\u00e2l Mar\u015f\u0131\u2019n\u0131n Kabul\u00fc ve Mehmet \u00c2kif Ersoy\u2019u Anma G\u00fcn\u00fc, d\u00fczenlenen anlaml\u0131 programla kutland\u0131. Program, \u00c7ameli Belediyesi Sezgin \u00d6zdemir Konferans Salonu\u2019nda ger\u00e7ekle\u015ftirildi. Programa; \u00c7ameli Kaymakam\u0131 Mustafa \u00c7elik,&#8230;<\/p>\n","protected":false},"author":1,"featured_media":93760,"comment_status":"open","ping_status":"open","sticky":false,"template":"","format":"standard","meta":{"_crdt_document":"","footnotes":""},"categories":[1],"tags":[],"class_list":["post-93759","post","type-post","status-publish","format-standard","has-post-thumbnail","hentry","category-guncel"],"_links":{"self":[{"href":"https:\/\/www.egemtv.com\/index.php?rest_route=\/wp\/v2\/posts\/93759","targetHints":{"allow":["GET"]}}],"collection":[{"href":"https:\/\/www.egemtv.com\/index.php?rest_route=\/wp\/v2\/posts"}],"about":[{"href":"https:\/\/www.egemtv.com\/index.php?rest_route=\/wp\/v2\/types\/post"}],"author":[{"embeddable":true,"href":"https:\/\/www.egemtv.com\/index.php?rest_route=\/wp\/v2\/users\/1"}],"replies":[{"embeddable":true,"href":"https:\/\/www.egemtv.com\/index.php?rest_route=%2Fwp%2Fv2%2Fcomments&post=93759"}],"version-history":[{"count":1,"href":"https:\/\/www.egemtv.com\/index.php?rest_route=\/wp\/v2\/posts\/93759\/revisions"}],"predecessor-version":[{"id":93761,"href":"https:\/\/www.egemtv.com\/index.php?rest_route=\/wp\/v2\/posts\/93759\/revisions\/93761"}],"wp:featuredmedia":[{"embeddable":true,"href":"https:\/\/www.egemtv.com\/index.php?rest_route=\/wp\/v2\/media\/93760"}],"wp:attachment":[{"href":"https:\/\/www.egemtv.com\/index.php?rest_route=%2Fwp%2Fv2%2Fmedia&parent=93759"}],"wp:term":[{"taxonomy":"category","embeddable":true,"href":"https:\/\/www.egemtv.com\/index.php?rest_route=%2Fwp%2Fv2%2Fcategories&post=93759"},{"taxonomy":"post_tag","embeddable":true,"href":"https:\/\/www.egemtv.com\/index.php?rest_route=%2Fwp%2Fv2%2Ftags&post=93759"}],"curies":[{"name":"wp","href":"https:\/\/api.w.org\/{rel}","templated":true}]}}