{"id":93756,"date":"2026-03-12T16:34:53","date_gmt":"2026-03-12T13:34:53","guid":{"rendered":"https:\/\/www.egemtv.com\/?p=93756"},"modified":"2026-03-12T16:34:54","modified_gmt":"2026-03-12T13:34:54","slug":"manisanin-en-buyuk-pazaryerinin-altyapi-sorunu-cozume-kavustu","status":"publish","type":"post","link":"https:\/\/www.egemtv.com\/?p=93756","title":{"rendered":"Manisa\u2019n\u0131n en b\u00fcy\u00fck pazaryerinin altyap\u0131 sorunu \u00e7\u00f6z\u00fcme kavu\u015ftu"},"content":{"rendered":"<p>Manisa Su ve Kanalizasyon \u0130daresi (MASK\u0130) Genel M\u00fcd\u00fcrl\u00fc\u011f\u00fc, Per\u015fembe Pazar\u0131\u2019nda ya\u011f\u0131\u015fl\u0131 havalarda ya\u015fanan su birikmesi sorununu gidermek amac\u0131yla b\u00f6lgeye ilave ya\u011fmur suyu \u0131zgaralar\u0131 yerle\u015ftirdi. Bu \u00e7al\u0131\u015fma sayesinde vatanda\u015flar daha rahat al\u0131\u015fveri\u015f yapabilirken, pazar esnaf\u0131 da \u00fcr\u00fcnlerini daha g\u00fcvenli ve konforlu bir ortamda sergileme imkan\u0131 buldu.<br \/>\n<br \/>Manisa B\u00fcy\u00fck\u015fehir Belediye Ba\u015fkan\u0131 Besim Dutlulu\u2019nun vizyonu do\u011frultusunda \u015fehrin altyap\u0131 ihtiya\u00e7lar\u0131na y\u00f6nelik projelerini s\u00fcrd\u00fcren MASK\u0130 Genel M\u00fcd\u00fcrl\u00fc\u011f\u00fc, vatanda\u015flar\u0131n yo\u011fun olarak kulland\u0131\u011f\u0131 Per\u015fembe Pazar\u0131\u2019ndaki kronikle\u015fmi\u015f soruna m\u00fcdahale etti. Uzun s\u00fcredir beklenen bu iyile\u015ftirme ile a\u015f\u0131r\u0131 ya\u011f\u0131\u015flarda meydana gelen su bask\u0131nlar\u0131n\u0131n \u00f6n\u00fcne ge\u00e7ilerek pazar alan\u0131nda daha sa\u011fl\u0131kl\u0131 bir al\u0131\u015fveri\u015f ortam\u0131 olu\u015fturuldu.<\/p>\n<p>&#8220;Sorunlara \u00e7\u00f6z\u00fcm \u00fcretmeye devam ediyoruz&#8221;<br \/>\n<br \/>Per\u015fembe Pazar\u0131\u2019ndaki altyap\u0131 \u00e7al\u0131\u015fmalar\u0131n\u0131 de\u011ferlendiren Manisa B\u00fcy\u00fck\u015fehir Belediye Ba\u015fkan\u0131 Besim Dutlulu, Manisa\u2019n\u0131n d\u00f6rt bir yan\u0131nda vatanda\u015flar\u0131n ya\u015fam kalitesini y\u00fckseltecek projelere \u00f6ncelik verdiklerini belirtti. Ba\u015fkan Dutlulu, &#8220;G\u00f6reve geldi\u011fimiz g\u00fcnden bu yana, \u015fehrimizin kronikle\u015fmi\u015f sorunlar\u0131n\u0131 \u00e7\u00f6zmek i\u00e7in mesai harc\u0131yoruz. Per\u015fembe Pazar\u0131, hem esnaf\u0131m\u0131z\u0131n hem de vatanda\u015f\u0131m\u0131z\u0131n yo\u011fun olarak kulland\u0131\u011f\u0131 \u00f6nemli bir nokta. Burada ya\u015fanan su birikmesi sorunu, vatanda\u015f\u0131m\u0131z\u0131n al\u0131\u015fveri\u015f konforunu bozuyor ve esnaf\u0131m\u0131z\u0131 ma\u011fdur ediyordu. Ekiplerimizle h\u0131zl\u0131ca harekete ge\u00e7erek gerekli altyap\u0131 g\u00fc\u00e7lendirmesini sa\u011flad\u0131k. Bizler, Manisa\u2019n\u0131n sadece g\u00f6r\u00fcnen y\u00fcz\u00fcn\u00fc de\u011fil, alt yap\u0131s\u0131ndan \u00fcstyap\u0131s\u0131na kadar her noktas\u0131n\u0131 daha ya\u015fanabilir k\u0131lmak i\u00e7in \u00e7al\u0131\u015f\u0131yoruz. Halk\u0131m\u0131z\u0131n taleplerini dinlemeye, sorunlara \u00e7\u00f6z\u00fcm \u00fcretmeye ve Manisa\u2019m\u0131z\u0131 modern bir g\u00f6r\u00fcn\u00fcme kavu\u015fturmaya kararl\u0131y\u0131z.&#8221;<\/p>\n<p>&#8220;Ya\u015fanan ma\u011fduriyet son bulacak&#8221;<br \/>\n<br \/>\u00c7al\u0131\u015fmalar hakk\u0131nda bilgi veren MASK\u0130 Kanalizasyon Dairesi Saha Sorumlusu Hakan Pekkaraca, &#8220;Ba\u015fkan\u0131m\u0131z Besim Dutlulu\u2019nun talimatlar\u0131 do\u011frultusunda, Per\u015fembe Pazar\u0131\u2019ndaki su birikmesi sorununu \u00e7\u00f6zmek i\u00e7in ilave \u0131zgara imalat\u0131m\u0131z\u0131 tamamlad\u0131k. \u00d6zellikle ya\u011f\u0131\u015fl\u0131 havalarda esnaf\u0131m\u0131z\u0131n \u00fcr\u00fcnlerinin zarar g\u00f6rmesi ve vatanda\u015flar\u0131m\u0131z\u0131n ya\u015fad\u0131\u011f\u0131 ma\u011fduriyet art\u0131k son bulacak. Hay\u0131rl\u0131 olsun&#8221; ifadelerini kulland\u0131.<\/p>\n<p>Vatanda\u015flardan ve esnaftan tam not<br \/>\n<br \/>Yap\u0131lan hizmetten duyduklar\u0131 memnuniyeti dile getiren pazar esnaflar\u0131ndan Erdin Arslan, &#8220;Daha \u00f6nce verilen s\u00f6zler tutulmam\u0131\u015ft\u0131 ancak Besim Ba\u015fkan\u0131m\u0131z hem altyap\u0131 hem de \u00fcstyap\u0131 konusundaki eksiklikleri h\u0131zla gideriyor. Kendisine \u00e7ok te\u015fekk\u00fcr ederiz. Karak\u00f6y Projesi gibi \u00e7al\u0131\u015fmalarla Manisa\u2019ya de\u011fer katmaya devam edece\u011fine inan\u0131yoruz.&#8221; bir di\u011fer pazarc\u0131 esnaf\u0131 Faruk Kocael, &#8220;Ya\u011fmur ya\u011fd\u0131\u011f\u0131nda pazar yerini su bas\u0131yor, vatanda\u015f tezgah\u0131m\u0131za yakla\u015fam\u0131yordu. Bir\u00e7ok kez maddi kay\u0131p ya\u015fad\u0131k. Bu \u00e7al\u0131\u015fma ile emeklerimiz art\u0131k zayi olmayacak.&#8221; \u015feklinde konu\u015ftu.<br \/>\n<br \/>Vatanda\u015flardan Atalay A\u011f\u0131r, &#8220;Belediye ger\u00e7ekten \u00e7al\u0131\u015f\u0131yor ve halk\u0131n ihtiya\u00e7lar\u0131na \u00f6ncelik veriyor. Esnaf\u0131n ve vatanda\u015f\u0131n yan\u0131nda olduklar\u0131n\u0131 hissettiriyorlar.&#8221; ifadelerini kullan\u0131rken, bir ba\u015fka pazarc\u0131 esnaf\u0131 O\u011fuzhan \u015eenyurt da \u015funlar\u0131 s\u00f6yledi: &#8220;Sesimize kulak verildi ve taleplerimiz kar\u015f\u0131l\u0131k buldu. Yap\u0131lan hizmetlerden dolay\u0131 belediye ekiplerine te\u015fekk\u00fcr ederiz.&#8221;<br \/><\/p>\n","protected":false},"excerpt":{"rendered":"<p>Manisa Su ve Kanalizasyon \u0130daresi (MASK\u0130) Genel M\u00fcd\u00fcrl\u00fc\u011f\u00fc, Per\u015fembe Pazar\u0131\u2019nda ya\u011f\u0131\u015fl\u0131 havalarda ya\u015fanan su birikmesi sorununu gidermek amac\u0131yla b\u00f6lgeye ilave ya\u011fmur suyu \u0131zgaralar\u0131 yerle\u015ftirdi. Bu \u00e7al\u0131\u015fma sayesinde vatanda\u015flar daha rahat al\u0131\u015fveri\u015f yapabilirken, pazar esnaf\u0131 da \u00fcr\u00fcnlerini daha g\u00fcvenli ve konforlu bir ortamda sergileme imkan\u0131 buldu. Manisa B\u00fcy\u00fck\u015fehir Belediye Ba\u015fkan\u0131 Besim Dutlulu\u2019nun vizyonu do\u011frultusunda \u015fehrin altyap\u0131&#8230;<\/p>\n","protected":false},"author":1,"featured_media":93757,"comment_status":"open","ping_status":"open","sticky":false,"template":"","format":"standard","meta":{"_crdt_document":"","footnotes":""},"categories":[125],"tags":[],"class_list":["post-93756","post","type-post","status-publish","format-standard","has-post-thumbnail","hentry","category-ekonomi"],"_links":{"self":[{"href":"https:\/\/www.egemtv.com\/index.php?rest_route=\/wp\/v2\/posts\/93756","targetHints":{"allow":["GET"]}}],"collection":[{"href":"https:\/\/www.egemtv.com\/index.php?rest_route=\/wp\/v2\/posts"}],"about":[{"href":"https:\/\/www.egemtv.com\/index.php?rest_route=\/wp\/v2\/types\/post"}],"author":[{"embeddable":true,"href":"https:\/\/www.egemtv.com\/index.php?rest_route=\/wp\/v2\/users\/1"}],"replies":[{"embeddable":true,"href":"https:\/\/www.egemtv.com\/index.php?rest_route=%2Fwp%2Fv2%2Fcomments&post=93756"}],"version-history":[{"count":1,"href":"https:\/\/www.egemtv.com\/index.php?rest_route=\/wp\/v2\/posts\/93756\/revisions"}],"predecessor-version":[{"id":93758,"href":"https:\/\/www.egemtv.com\/index.php?rest_route=\/wp\/v2\/posts\/93756\/revisions\/93758"}],"wp:featuredmedia":[{"embeddable":true,"href":"https:\/\/www.egemtv.com\/index.php?rest_route=\/wp\/v2\/media\/93757"}],"wp:attachment":[{"href":"https:\/\/www.egemtv.com\/index.php?rest_route=%2Fwp%2Fv2%2Fmedia&parent=93756"}],"wp:term":[{"taxonomy":"category","embeddable":true,"href":"https:\/\/www.egemtv.com\/index.php?rest_route=%2Fwp%2Fv2%2Fcategories&post=93756"},{"taxonomy":"post_tag","embeddable":true,"href":"https:\/\/www.egemtv.com\/index.php?rest_route=%2Fwp%2Fv2%2Ftags&post=93756"}],"curies":[{"name":"wp","href":"https:\/\/api.w.org\/{rel}","templated":true}]}}