{"id":93747,"date":"2026-03-12T16:14:48","date_gmt":"2026-03-12T13:14:48","guid":{"rendered":"https:\/\/www.egemtv.com\/?p=93747"},"modified":"2026-03-12T16:14:50","modified_gmt":"2026-03-12T13:14:50","slug":"izmirde-iki-bardak-cayi-300-liraya-satan-saticilarin-malzemelerine-el-konuldu","status":"publish","type":"post","link":"https:\/\/www.egemtv.com\/?p=93747","title":{"rendered":"\u0130zmir\u2019de iki bardak \u00e7ay\u0131 300 liraya satan sat\u0131c\u0131lar\u0131n malzemelerine el konuldu"},"content":{"rendered":"<p>\u0130zmir\u2019in Narl\u0131dere il\u00e7esinde iki bardak \u00e7ay\u0131n 300 liraya sat\u0131ld\u0131\u011f\u0131 iddialar\u0131 \u00fczerine harekete ge\u00e7en zab\u0131ta ekipleri gece denetimi ger\u00e7ekle\u015ftirdi. Kamuya a\u00e7\u0131k alanlarda izinsiz kurulan seyyar d\u00fczeneklere m\u00fcdahale edildi.<br \/>\n<br \/>\u0130zmir B\u00fcy\u00fck\u015fehir Belediyesi Zab\u0131ta Dairesi Ba\u015fkanl\u0131\u011f\u0131 Denetim \u015eube M\u00fcd\u00fcrl\u00fc\u011f\u00fc ekipleri b\u00f6lgedeki \u015fikayetleri de\u011ferlendirdi. Sosyal medyada yer alan fahi\u015f fiyat iddialar\u0131 ve vatanda\u015flar\u0131n ba\u015fvurular\u0131 \u00fczerine gece saatlerinde \u00e7al\u0131\u015fma ba\u015flat\u0131ld\u0131. Kamuya a\u00e7\u0131k alanlarda izinsiz faaliyet g\u00f6steren seyyar sat\u0131c\u0131lar\u0131n d\u00fczenekleri kald\u0131r\u0131ld\u0131. Yap\u0131lan denetimlerde seyyar sat\u0131c\u0131lara ait e\u015fyalar topland\u0131. Ekipler taraf\u0131ndan 82 tabure, 25 plastik sehpa, 2 semaver ve 1 tost makinesi muhafaza alt\u0131na al\u0131nd\u0131. Ayr\u0131ca 17 ate\u015f oca\u011f\u0131 ve 130 muhtelif malzemeye el konuldu. \u0130zinsiz seyyar faaliyetlerin ve fahi\u015f fiyat uygulamalar\u0131n\u0131n \u00f6n\u00fcne ge\u00e7ilmesi amac\u0131yla \u00e7al\u0131\u015fmalar devam ediyor. Zab\u0131ta Dairesi Ba\u015fkanl\u0131\u011f\u0131, Sahilevleri ba\u015fta olmak \u00fczere kent genelindeki denetimlerin aral\u0131ks\u0131z s\u00fcrd\u00fcr\u00fclece\u011fini bildirdi. Kamusal alanlar\u0131n d\u00fczeninin korunmas\u0131, kent esteti\u011finin sa\u011flanmas\u0131 ve vatanda\u015flar\u0131n ma\u011fduriyet ya\u015famamas\u0131 i\u00e7in kararl\u0131l\u0131k vurgusu yap\u0131ld\u0131.<br \/><\/p>\n","protected":false},"excerpt":{"rendered":"<p>\u0130zmir\u2019in Narl\u0131dere il\u00e7esinde iki bardak \u00e7ay\u0131n 300 liraya sat\u0131ld\u0131\u011f\u0131 iddialar\u0131 \u00fczerine harekete ge\u00e7en zab\u0131ta ekipleri gece denetimi ger\u00e7ekle\u015ftirdi. Kamuya a\u00e7\u0131k alanlarda izinsiz kurulan seyyar d\u00fczeneklere m\u00fcdahale edildi. \u0130zmir B\u00fcy\u00fck\u015fehir Belediyesi Zab\u0131ta Dairesi Ba\u015fkanl\u0131\u011f\u0131 Denetim \u015eube M\u00fcd\u00fcrl\u00fc\u011f\u00fc ekipleri b\u00f6lgedeki \u015fikayetleri de\u011ferlendirdi. Sosyal medyada yer alan fahi\u015f fiyat iddialar\u0131 ve vatanda\u015flar\u0131n ba\u015fvurular\u0131 \u00fczerine gece saatlerinde \u00e7al\u0131\u015fma ba\u015flat\u0131ld\u0131&#8230;.<\/p>\n","protected":false},"author":1,"featured_media":93748,"comment_status":"open","ping_status":"open","sticky":false,"template":"","format":"standard","meta":{"_crdt_document":"","footnotes":""},"categories":[1],"tags":[],"class_list":["post-93747","post","type-post","status-publish","format-standard","has-post-thumbnail","hentry","category-guncel"],"_links":{"self":[{"href":"https:\/\/www.egemtv.com\/index.php?rest_route=\/wp\/v2\/posts\/93747","targetHints":{"allow":["GET"]}}],"collection":[{"href":"https:\/\/www.egemtv.com\/index.php?rest_route=\/wp\/v2\/posts"}],"about":[{"href":"https:\/\/www.egemtv.com\/index.php?rest_route=\/wp\/v2\/types\/post"}],"author":[{"embeddable":true,"href":"https:\/\/www.egemtv.com\/index.php?rest_route=\/wp\/v2\/users\/1"}],"replies":[{"embeddable":true,"href":"https:\/\/www.egemtv.com\/index.php?rest_route=%2Fwp%2Fv2%2Fcomments&post=93747"}],"version-history":[{"count":1,"href":"https:\/\/www.egemtv.com\/index.php?rest_route=\/wp\/v2\/posts\/93747\/revisions"}],"predecessor-version":[{"id":93749,"href":"https:\/\/www.egemtv.com\/index.php?rest_route=\/wp\/v2\/posts\/93747\/revisions\/93749"}],"wp:featuredmedia":[{"embeddable":true,"href":"https:\/\/www.egemtv.com\/index.php?rest_route=\/wp\/v2\/media\/93748"}],"wp:attachment":[{"href":"https:\/\/www.egemtv.com\/index.php?rest_route=%2Fwp%2Fv2%2Fmedia&parent=93747"}],"wp:term":[{"taxonomy":"category","embeddable":true,"href":"https:\/\/www.egemtv.com\/index.php?rest_route=%2Fwp%2Fv2%2Fcategories&post=93747"},{"taxonomy":"post_tag","embeddable":true,"href":"https:\/\/www.egemtv.com\/index.php?rest_route=%2Fwp%2Fv2%2Ftags&post=93747"}],"curies":[{"name":"wp","href":"https:\/\/api.w.org\/{rel}","templated":true}]}}