{"id":93744,"date":"2026-03-12T16:14:46","date_gmt":"2026-03-12T13:14:46","guid":{"rendered":"https:\/\/www.egemtv.com\/?p=93744"},"modified":"2026-03-12T16:14:47","modified_gmt":"2026-03-12T13:14:47","slug":"bodrumda-yuksek-gerilim-hatlari-helikopterle-temizlendi","status":"publish","type":"post","link":"https:\/\/www.egemtv.com\/?p=93744","title":{"rendered":"Bodrum\u2019da y\u00fcksek gerilim hatlar\u0131 helikopterle temizlendi"},"content":{"rendered":"<p>Mu\u011fla\u2019n\u0131n Bodrum il\u00e7esinde y\u00fcksek gerilim hatlar\u0131nda bak\u0131m \u00e7al\u0131\u015fmas\u0131 havadan ger\u00e7ekle\u015ftirildi. \u0130letim hatlar\u0131nda zamanla olu\u015fan kir ve \u00e7evresel etkenler nedeniyle performans\u0131 d\u00fc\u015fen izolat\u00f6rler, helikopter destekli \u00e7al\u0131\u015fma ile saf su kullan\u0131larak temizlendi.<br \/>\n<br \/>T\u00fcrkiye Elektrik \u0130letim A\u015e (TE\u0130A\u015e) ekipleri taraf\u0131ndan y\u00fcr\u00fct\u00fclen \u00e7al\u0131\u015fma kapsam\u0131nda, enerji iletim hatlar\u0131n\u0131n sa\u011fl\u0131kl\u0131 \u015fekilde hizmet vermesi amac\u0131yla izolat\u00f6r temizli\u011fi havadan yap\u0131ld\u0131. \u00c7al\u0131\u015fmada \u00f6zel ekipmanlarla donat\u0131lan bir helikopter kullan\u0131ld\u0131. Helikoptere monte edilen su tank\u0131, y\u00fcksek bas\u0131n\u00e7l\u0131 pompa ve \u00f6zel y\u0131kama ekipmanlar\u0131yla, safl\u0131\u011f\u0131 art\u0131r\u0131lm\u0131\u015f su izolat\u00f6rlere p\u00fcsk\u00fcrt\u00fcld\u00fc. Y\u00fcksek gerilim hatlar\u0131na olduk\u00e7a yak\u0131n mesafede konumlanan helikopter, temizlik yap\u0131lacak noktada k\u0131sa s\u00fcre sabit kalarak i\u015flemi ger\u00e7ekle\u015ftirdi.<br \/>\n<br \/>Her bir noktadaki temizlik \u00e7al\u0131\u015fmas\u0131n\u0131n yakla\u015f\u0131k iki dakika s\u00fcrd\u00fc\u011f\u00fc \u00f6\u011frenilirken, helikopterde g\u00f6revli personel bas\u0131n\u00e7l\u0131 su sistemiyle izolat\u00f6rleri k\u0131sa s\u00fcrede temizledi. \u0130l\u00e7ede ger\u00e7ekle\u015ftirilen havadan bak\u0131m \u00e7al\u0131\u015fmas\u0131, \u00e7evrede bulunan vatanda\u015flar taraf\u0131ndan da ilgiyle izlendi.<br \/><\/p>\n","protected":false},"excerpt":{"rendered":"<p>Mu\u011fla\u2019n\u0131n Bodrum il\u00e7esinde y\u00fcksek gerilim hatlar\u0131nda bak\u0131m \u00e7al\u0131\u015fmas\u0131 havadan ger\u00e7ekle\u015ftirildi. \u0130letim hatlar\u0131nda zamanla olu\u015fan kir ve \u00e7evresel etkenler nedeniyle performans\u0131 d\u00fc\u015fen izolat\u00f6rler, helikopter destekli \u00e7al\u0131\u015fma ile saf su kullan\u0131larak temizlendi. T\u00fcrkiye Elektrik \u0130letim A\u015e (TE\u0130A\u015e) ekipleri taraf\u0131ndan y\u00fcr\u00fct\u00fclen \u00e7al\u0131\u015fma kapsam\u0131nda, enerji iletim hatlar\u0131n\u0131n sa\u011fl\u0131kl\u0131 \u015fekilde hizmet vermesi amac\u0131yla izolat\u00f6r temizli\u011fi havadan yap\u0131ld\u0131. \u00c7al\u0131\u015fmada \u00f6zel ekipmanlarla&#8230;<\/p>\n","protected":false},"author":1,"featured_media":93745,"comment_status":"open","ping_status":"open","sticky":false,"template":"","format":"standard","meta":{"_crdt_document":"","footnotes":""},"categories":[1],"tags":[],"class_list":["post-93744","post","type-post","status-publish","format-standard","has-post-thumbnail","hentry","category-guncel"],"_links":{"self":[{"href":"https:\/\/www.egemtv.com\/index.php?rest_route=\/wp\/v2\/posts\/93744","targetHints":{"allow":["GET"]}}],"collection":[{"href":"https:\/\/www.egemtv.com\/index.php?rest_route=\/wp\/v2\/posts"}],"about":[{"href":"https:\/\/www.egemtv.com\/index.php?rest_route=\/wp\/v2\/types\/post"}],"author":[{"embeddable":true,"href":"https:\/\/www.egemtv.com\/index.php?rest_route=\/wp\/v2\/users\/1"}],"replies":[{"embeddable":true,"href":"https:\/\/www.egemtv.com\/index.php?rest_route=%2Fwp%2Fv2%2Fcomments&post=93744"}],"version-history":[{"count":1,"href":"https:\/\/www.egemtv.com\/index.php?rest_route=\/wp\/v2\/posts\/93744\/revisions"}],"predecessor-version":[{"id":93746,"href":"https:\/\/www.egemtv.com\/index.php?rest_route=\/wp\/v2\/posts\/93744\/revisions\/93746"}],"wp:featuredmedia":[{"embeddable":true,"href":"https:\/\/www.egemtv.com\/index.php?rest_route=\/wp\/v2\/media\/93745"}],"wp:attachment":[{"href":"https:\/\/www.egemtv.com\/index.php?rest_route=%2Fwp%2Fv2%2Fmedia&parent=93744"}],"wp:term":[{"taxonomy":"category","embeddable":true,"href":"https:\/\/www.egemtv.com\/index.php?rest_route=%2Fwp%2Fv2%2Fcategories&post=93744"},{"taxonomy":"post_tag","embeddable":true,"href":"https:\/\/www.egemtv.com\/index.php?rest_route=%2Fwp%2Fv2%2Ftags&post=93744"}],"curies":[{"name":"wp","href":"https:\/\/api.w.org\/{rel}","templated":true}]}}