{"id":93735,"date":"2026-03-12T15:35:24","date_gmt":"2026-03-12T12:35:24","guid":{"rendered":"https:\/\/www.egemtv.com\/?p=93735"},"modified":"2026-03-12T15:35:26","modified_gmt":"2026-03-12T12:35:26","slug":"hisarcik-kaymakami-atam-istiklal-marsimiz-milletimizin-bagimsizlik-inancinin-en-guclu-ifadesidir","status":"publish","type":"post","link":"https:\/\/www.egemtv.com\/?p=93735","title":{"rendered":"Hisarc\u0131k Kaymakam\u0131 Atam: &#8220;\u0130stikl\u00e2l Mar\u015f\u0131\u2019m\u0131z, milletimizin ba\u011f\u0131ms\u0131zl\u0131k inanc\u0131n\u0131n en g\u00fc\u00e7l\u00fc ifadesidir&#8221;"},"content":{"rendered":"<p>K\u00fctahya\u2019n\u0131n Hisarc\u0131k il\u00e7esinde, 12 Mart \u0130stikl\u00e2l Mar\u015f\u0131\u2019n\u0131n Kabul\u00fc ve Mehmet Akif Ersoy\u2019u Anma G\u00fcn\u00fc dolay\u0131s\u0131yla d\u00fczenlenen programda konu\u015fan Hisarc\u0131k Kaymakam\u0131 Erkan Atam, \u0130stikl\u00e2l Mar\u015f\u0131\u2019n\u0131n aziz milletimizin ba\u011f\u0131ms\u0131zl\u0131\u011fa olan sars\u0131lmaz inanc\u0131n\u0131n ve vatan sevgisinin en g\u00fc\u00e7l\u00fc ifadesi oldu\u011funu s\u00f6yledi.<br \/>\n<br \/>Seydi Resul \u0130mam Hatip Lisesi\u2019nde ger\u00e7ekle\u015ftirilen anma program\u0131na Kaymakam Erkan Atam\u2019\u0131n yan\u0131 s\u0131ra Belediye Ba\u015fkan\u0131 Mustafa Demirta\u015f ve il\u00e7e protokol \u00fcyeleri kat\u0131ld\u0131. Programda \u00f6\u011frenciler taraf\u0131ndan haz\u0131rlanan sunumlar ve oratoryo g\u00f6sterileri, \u0130stikl\u00e2l Mar\u015f\u0131\u2019n\u0131n yaz\u0131ld\u0131\u011f\u0131 zorlu d\u00f6nemi ve milletimizin ba\u011f\u0131ms\u0131zl\u0131k m\u00fccadelesini bir kez daha duygu dolu anlarla hat\u0131rlatt\u0131.<br \/>\n<br \/>Programda konu\u015fan Kaymakam Atam, Milli \u015eairimiz Mehmet Akif Ersoy\u2019un kaleminden \u00e7\u0131kan \u0130stikl\u00e2l Mar\u015f\u0131\u2019n\u0131n, milletimizin en zor \u015fartlar alt\u0131nda bile \u00f6zg\u00fcrl\u00fc\u011f\u00fcnden vazge\u00e7meyece\u011fini t\u00fcm d\u00fcnyaya ilan eden e\u015fsiz bir destan oldu\u011funu belirterek \u015funlar\u0131 s\u00f6yledi: &#8220;\u0130stikl\u00e2l Mar\u015f\u0131\u2019m\u0131z, aziz milletimizin ba\u011f\u0131ms\u0131zl\u0131\u011fa olan sars\u0131lmaz inanc\u0131n\u0131n ve vatan sevgisinin en g\u00fc\u00e7l\u00fc ifadesidir. Bug\u00fcn bizlere d\u00fc\u015fen g\u00f6rev, bu b\u00fcy\u00fck miras\u0131 anlamak, ya\u015fatmak ve gelecek nesillere ayn\u0131 ruh ve bilin\u00e7le aktarmakt\u0131r&#8221; dedi.<br \/>\n<br \/>Kaymakam Atam, program\u0131n haz\u0131rlanmas\u0131nda eme\u011fi ge\u00e7en okul y\u00f6netimine, \u00f6\u011fretmenlere ve \u00f6\u011frencilere te\u015fekk\u00fcr ederek, ba\u015fta Cumhuriyetimizin kurucusu Mustafa Kemal Atat\u00fcrk olmak \u00fczere t\u00fcm kahraman \u015fehitleri rahmet ve minnetle and\u0131klar\u0131n\u0131 ifade etti.<br \/><\/p>\n","protected":false},"excerpt":{"rendered":"<p>K\u00fctahya\u2019n\u0131n Hisarc\u0131k il\u00e7esinde, 12 Mart \u0130stikl\u00e2l Mar\u015f\u0131\u2019n\u0131n Kabul\u00fc ve Mehmet Akif Ersoy\u2019u Anma G\u00fcn\u00fc dolay\u0131s\u0131yla d\u00fczenlenen programda konu\u015fan Hisarc\u0131k Kaymakam\u0131 Erkan Atam, \u0130stikl\u00e2l Mar\u015f\u0131\u2019n\u0131n aziz milletimizin ba\u011f\u0131ms\u0131zl\u0131\u011fa olan sars\u0131lmaz inanc\u0131n\u0131n ve vatan sevgisinin en g\u00fc\u00e7l\u00fc ifadesi oldu\u011funu s\u00f6yledi. Seydi Resul \u0130mam Hatip Lisesi\u2019nde ger\u00e7ekle\u015ftirilen anma program\u0131na Kaymakam Erkan Atam\u2019\u0131n yan\u0131 s\u0131ra Belediye Ba\u015fkan\u0131 Mustafa Demirta\u015f&#8230;<\/p>\n","protected":false},"author":1,"featured_media":93736,"comment_status":"open","ping_status":"open","sticky":false,"template":"","format":"standard","meta":{"_crdt_document":"","footnotes":""},"categories":[1],"tags":[],"class_list":["post-93735","post","type-post","status-publish","format-standard","has-post-thumbnail","hentry","category-guncel"],"_links":{"self":[{"href":"https:\/\/www.egemtv.com\/index.php?rest_route=\/wp\/v2\/posts\/93735","targetHints":{"allow":["GET"]}}],"collection":[{"href":"https:\/\/www.egemtv.com\/index.php?rest_route=\/wp\/v2\/posts"}],"about":[{"href":"https:\/\/www.egemtv.com\/index.php?rest_route=\/wp\/v2\/types\/post"}],"author":[{"embeddable":true,"href":"https:\/\/www.egemtv.com\/index.php?rest_route=\/wp\/v2\/users\/1"}],"replies":[{"embeddable":true,"href":"https:\/\/www.egemtv.com\/index.php?rest_route=%2Fwp%2Fv2%2Fcomments&post=93735"}],"version-history":[{"count":1,"href":"https:\/\/www.egemtv.com\/index.php?rest_route=\/wp\/v2\/posts\/93735\/revisions"}],"predecessor-version":[{"id":93737,"href":"https:\/\/www.egemtv.com\/index.php?rest_route=\/wp\/v2\/posts\/93735\/revisions\/93737"}],"wp:featuredmedia":[{"embeddable":true,"href":"https:\/\/www.egemtv.com\/index.php?rest_route=\/wp\/v2\/media\/93736"}],"wp:attachment":[{"href":"https:\/\/www.egemtv.com\/index.php?rest_route=%2Fwp%2Fv2%2Fmedia&parent=93735"}],"wp:term":[{"taxonomy":"category","embeddable":true,"href":"https:\/\/www.egemtv.com\/index.php?rest_route=%2Fwp%2Fv2%2Fcategories&post=93735"},{"taxonomy":"post_tag","embeddable":true,"href":"https:\/\/www.egemtv.com\/index.php?rest_route=%2Fwp%2Fv2%2Ftags&post=93735"}],"curies":[{"name":"wp","href":"https:\/\/api.w.org\/{rel}","templated":true}]}}