{"id":93732,"date":"2026-03-12T15:14:48","date_gmt":"2026-03-12T12:14:48","guid":{"rendered":"https:\/\/www.egemtv.com\/?p=93732"},"modified":"2026-03-12T15:14:49","modified_gmt":"2026-03-12T12:14:49","slug":"sarigolde-istiklal-marsinin-105-yilina-duygulu-anma","status":"publish","type":"post","link":"https:\/\/www.egemtv.com\/?p=93732","title":{"rendered":"Sar\u0131g\u00f6l\u2019de \u0130stiklal Mar\u015f\u0131\u2019n\u0131n 105. y\u0131l\u0131na duygulu anma"},"content":{"rendered":"<p>Manisa\u2019n\u0131n Sar\u0131g\u00f6l il\u00e7esinde, \u0130stiklal Mar\u015f\u0131\u2019n\u0131n kabul\u00fcn\u00fcn 105. y\u0131l\u0131 ve Mehmet Akif Ersoy\u2019u Anma G\u00fcn\u00fc dolay\u0131s\u0131yla d\u00fczenlenen programda \u00f6\u011frencilerin sahneledi\u011fi &#8220;Korkma, Gen\u00e7li\u011fin Ruhu Burada&#8221; adl\u0131 tiyatro oyunu izleyenlere duygu dolu anlar ya\u015fatt\u0131.<br \/>\n<br \/>Sar\u0131g\u00f6l Belediyesi Atat\u00fcrk K\u00fclt\u00fcr Merkezi\u2019nde ger\u00e7ekle\u015ftirilen anma program\u0131 yo\u011fun kat\u0131l\u0131mla yap\u0131ld\u0131. Sar\u0131g\u00f6l Mesleki ve Teknik Anadolu Lisesi \u00f6\u011fretmen ve \u00f6\u011frencileri taraf\u0131ndan sahnelenen &#8220;Korkma, Gen\u00e7li\u011fin Ruhu Burada&#8221; adl\u0131 tiyatro g\u00f6sterisi, salonu dolduran davetliler taraf\u0131ndan ilgiyle izlendi ve b\u00fcy\u00fck alk\u0131\u015f ald\u0131.<br \/>\n<br \/>Programda ayr\u0131ca Milli \u015eair Mehmet Akif Ersoy\u2019un hayat\u0131n\u0131 anlatan sunumlar yap\u0131larak \u0130stiklal Mar\u015f\u0131\u2019n\u0131n yaz\u0131l\u0131\u015f s\u00fcreci hat\u0131rlat\u0131ld\u0131.<br \/>\n<br \/>T\u00f6renin sonunda Sar\u0131g\u00f6l \u0130l\u00e7e Milli E\u011fitim M\u00fcd\u00fcrl\u00fc\u011f\u00fc taraf\u0131ndan d\u00fczenlenen okullar aras\u0131 \u0130stiklal Mar\u015f\u0131 okuma yar\u0131\u015fmas\u0131nda dereceye giren \u00f6\u011frencilere \u00f6d\u00fclleri; Sar\u0131g\u00f6l Kaymakam\u0131 Halil Dalak, Sar\u0131g\u00f6l Belediye Ba\u015fkan\u0131 Tahsin Akdeniz ve \u0130l\u00e7e Milli E\u011fitim M\u00fcd\u00fcr\u00fc Cezmi Y\u0131ld\u0131rak taraf\u0131ndan verildi.<br \/>\n<br \/>Sar\u0131g\u00f6l \u0130l\u00e7e Milli E\u011fitim M\u00fcd\u00fcr\u00fc Cezmi Y\u0131ld\u0131rak programda yapt\u0131\u011f\u0131 konu\u015fmada, &#8220;Bu y\u0131l \u0130stiklal Mar\u015f\u0131\u2019m\u0131z\u0131n kabul\u00fcn\u00fcn 105. y\u0131l\u0131n\u0131 kutlarken Milli \u015eairimiz Mehmet Akif Ersoy\u2019u sayg\u0131 ve rahmetle and\u0131k. Program\u0131 haz\u0131rlayan Sar\u0131g\u00f6l Mesleki ve Teknik Anadolu Lisesi \u00f6\u011fretmen ve \u00f6\u011frencilerine te\u015fekk\u00fcr ediyorum.&#8221; dedi.<br \/>\n<br \/>Sar\u0131g\u00f6l \u0130l\u00e7e Milli E\u011fitim M\u00fcd\u00fcrl\u00fc\u011f\u00fc taraf\u0131ndan organize edilen programa; Sar\u0131g\u00f6l Kaymakam\u0131 Halil Dalak, Sar\u0131g\u00f6l Belediye Ba\u015fkan\u0131 Tahsin Akdeniz, \u0130l\u00e7e Milli E\u011fitim M\u00fcd\u00fcr\u00fc Cezmi Y\u0131ld\u0131rak, il\u00e7e protokol\u00fc, siyasi parti temsilcileri, \u00f6\u011fretmenler ve \u00f6\u011frenciler kat\u0131ld\u0131.<br \/><\/p>\n","protected":false},"excerpt":{"rendered":"<p>Manisa\u2019n\u0131n Sar\u0131g\u00f6l il\u00e7esinde, \u0130stiklal Mar\u015f\u0131\u2019n\u0131n kabul\u00fcn\u00fcn 105. y\u0131l\u0131 ve Mehmet Akif Ersoy\u2019u Anma G\u00fcn\u00fc dolay\u0131s\u0131yla d\u00fczenlenen programda \u00f6\u011frencilerin sahneledi\u011fi &#8220;Korkma, Gen\u00e7li\u011fin Ruhu Burada&#8221; adl\u0131 tiyatro oyunu izleyenlere duygu dolu anlar ya\u015fatt\u0131. Sar\u0131g\u00f6l Belediyesi Atat\u00fcrk K\u00fclt\u00fcr Merkezi\u2019nde ger\u00e7ekle\u015ftirilen anma program\u0131 yo\u011fun kat\u0131l\u0131mla yap\u0131ld\u0131. Sar\u0131g\u00f6l Mesleki ve Teknik Anadolu Lisesi \u00f6\u011fretmen ve \u00f6\u011frencileri taraf\u0131ndan sahnelenen &#8220;Korkma, Gen\u00e7li\u011fin&#8230;<\/p>\n","protected":false},"author":1,"featured_media":93733,"comment_status":"open","ping_status":"open","sticky":false,"template":"","format":"standard","meta":{"_crdt_document":"","footnotes":""},"categories":[1],"tags":[],"class_list":["post-93732","post","type-post","status-publish","format-standard","has-post-thumbnail","hentry","category-guncel"],"_links":{"self":[{"href":"https:\/\/www.egemtv.com\/index.php?rest_route=\/wp\/v2\/posts\/93732","targetHints":{"allow":["GET"]}}],"collection":[{"href":"https:\/\/www.egemtv.com\/index.php?rest_route=\/wp\/v2\/posts"}],"about":[{"href":"https:\/\/www.egemtv.com\/index.php?rest_route=\/wp\/v2\/types\/post"}],"author":[{"embeddable":true,"href":"https:\/\/www.egemtv.com\/index.php?rest_route=\/wp\/v2\/users\/1"}],"replies":[{"embeddable":true,"href":"https:\/\/www.egemtv.com\/index.php?rest_route=%2Fwp%2Fv2%2Fcomments&post=93732"}],"version-history":[{"count":1,"href":"https:\/\/www.egemtv.com\/index.php?rest_route=\/wp\/v2\/posts\/93732\/revisions"}],"predecessor-version":[{"id":93734,"href":"https:\/\/www.egemtv.com\/index.php?rest_route=\/wp\/v2\/posts\/93732\/revisions\/93734"}],"wp:featuredmedia":[{"embeddable":true,"href":"https:\/\/www.egemtv.com\/index.php?rest_route=\/wp\/v2\/media\/93733"}],"wp:attachment":[{"href":"https:\/\/www.egemtv.com\/index.php?rest_route=%2Fwp%2Fv2%2Fmedia&parent=93732"}],"wp:term":[{"taxonomy":"category","embeddable":true,"href":"https:\/\/www.egemtv.com\/index.php?rest_route=%2Fwp%2Fv2%2Fcategories&post=93732"},{"taxonomy":"post_tag","embeddable":true,"href":"https:\/\/www.egemtv.com\/index.php?rest_route=%2Fwp%2Fv2%2Ftags&post=93732"}],"curies":[{"name":"wp","href":"https:\/\/api.w.org\/{rel}","templated":true}]}}