{"id":93729,"date":"2026-03-12T14:34:54","date_gmt":"2026-03-12T11:34:54","guid":{"rendered":"https:\/\/www.egemtv.com\/?p=93729"},"modified":"2026-03-12T14:34:55","modified_gmt":"2026-03-12T11:34:55","slug":"efem-kart-ve-efem-mobil-uygulamasi-20-bin-uyeye-ulasti","status":"publish","type":"post","link":"https:\/\/www.egemtv.com\/?p=93729","title":{"rendered":"Efem Kart ve Efem Mobil uygulamas\u0131 20 bin \u00fcyeye ula\u015ft\u0131"},"content":{"rendered":"<p>Efeler Belediye Ba\u015fkan\u0131 An\u0131l Yeti\u015fkin\u2019in hayata ge\u00e7irdi\u011fi Efem Kart ve Efe Mobil uygulamas\u0131, il\u00e7e ekonomisinde dengeleri de\u011fi\u015ftirdi. K\u0131sa s\u00fcrede 20 bin \u00fcyeye ula\u015fan ve 187 i\u015fletmeyi kapsayan proje, tam 2 milyon 400 bin liray\u0131 do\u011frudan vatanda\u015f\u0131n cebinde tutarak il\u00e7ede ekonomik bir rahatlama sa\u011flad\u0131\u011f\u0131 ifade edildi.<br \/>\n<br \/>&#8220;Vatanda\u015f\u0131n hayat\u0131n\u0131 kolayla\u015ft\u0131rmak&#8221; ilkesiyle yola \u00e7\u0131kan Ba\u015fkan Yeti\u015fkin, Efem Kart projesiyle yerel ekonomiye g\u00fc\u00e7 katt\u0131. Sistem, 2 milyon 400 bin liral\u0131k tasarrufu il\u00e7e halk\u0131na kazand\u0131rarak, artan ya\u015fam maliyetleri kar\u015f\u0131s\u0131nda hem vatanda\u015f\u0131n b\u00fct\u00e7esine can suyu oldu hem de yerel esnaf\u0131n ticaret hacmini art\u0131rd\u0131.<br \/>\n<br \/>Efem Kart kapsam\u0131nda; kafe, giyim, kuaf\u00f6r ve optik i\u015fletmeleri ba\u015fta olmak \u00fczere bir\u00e7ok sekt\u00f6rde y\u00fczde 50\u2019ye varan indirimler sunuluyor. Artan ya\u015fam maliyetleri kar\u015f\u0131s\u0131nda vatanda\u015flara \u00f6nemli bir destek sa\u011flayan uygulama, g\u00fcnl\u00fck hayata do\u011frudan katk\u0131 sa\u011fl\u0131yor. Efem Kart ba\u015fvurular\u0131, Menderes Park\u2019ta kurulan stantta yo\u011fun kat\u0131l\u0131mla devam ediyor. Vatanda\u015flar ayr\u0131ca belediye hizmet binas\u0131 ya da Milli Ayd\u0131n Bankas\u0131 K\u00fclt\u00fcr Merkezi\u2019nde ba\u015fvurular\u0131n\u0131 ger\u00e7ekle\u015ftirebiliyor.<br \/>\n<br \/>Ba\u015fkan An\u0131l Yeti\u015fkin\u2019in hizmetlerinden duyduklar\u0131 memnuniyeti dile getiren vatanda\u015flar, &#8220;Ekonomik \u015fartlar\u0131n zorlay\u0131c\u0131 oldu\u011fu bu d\u00f6nemde Efem Kart ve Efe Mobil b\u00fcy\u00fck bir destek. Yapt\u0131\u011f\u0131m\u0131z al\u0131\u015fveri\u015flerde cebimizde kalan her kuru\u015f, aile b\u00fct\u00e7emiz i\u00e7in \u00e7ok k\u0131ymetli. Ba\u015fkan\u0131m\u0131z An\u0131l Yeti\u015fkin\u2019e ve bu sistemi b\u00fcy\u00fck bir titizlikle y\u00fcr\u00fcten belediye ekiplerine, vatanda\u015f\u0131n yan\u0131nda olduklar\u0131 i\u00e7in te\u015fekk\u00fcr ediyoruz&#8221; dedi.<br \/>\n<br \/>Vatanda\u015f\u0131n b\u00fct\u00e7esine destek sa\u011flayan her hizmetin gurur vesilesi oldu\u011funu belirten Efeler Belediye Ba\u015fkan\u0131 An\u0131l Yeti\u015fkin, &#8220;Efem Kart ve Efe Mobil ile att\u0131\u011f\u0131m\u0131z bu ad\u0131m, sadece bir indirim uygulamas\u0131 de\u011fil; bir dayan\u0131\u015fma hareketi. Vatanda\u015f\u0131m\u0131z\u0131n cebine giren 2 milyon 400 bin lira, bizim i\u00e7in en b\u00fcy\u00fck ba\u015far\u0131 \u00f6l\u00e7\u00fct\u00fc. Esnaf\u0131m\u0131zla vatanda\u015f\u0131m\u0131z\u0131 bir araya getiren bu k\u00f6pr\u00fcy\u00fc g\u00fc\u00e7lendirmek, Efeler\u2019in refah\u0131n\u0131 art\u0131rmak temel hedefimiz. Halk\u0131m\u0131z\u0131n y\u00fck\u00fcn\u00fc hafifletmek i\u00e7in projelerimizi \u00e7e\u015fitlendirmeye ve \u015fehrimize de\u011fer katmaya devam edece\u011fiz&#8221; diye konu\u015ftu.<br \/><\/p>\n","protected":false},"excerpt":{"rendered":"<p>Efeler Belediye Ba\u015fkan\u0131 An\u0131l Yeti\u015fkin\u2019in hayata ge\u00e7irdi\u011fi Efem Kart ve Efe Mobil uygulamas\u0131, il\u00e7e ekonomisinde dengeleri de\u011fi\u015ftirdi. K\u0131sa s\u00fcrede 20 bin \u00fcyeye ula\u015fan ve 187 i\u015fletmeyi kapsayan proje, tam 2 milyon 400 bin liray\u0131 do\u011frudan vatanda\u015f\u0131n cebinde tutarak il\u00e7ede ekonomik bir rahatlama sa\u011flad\u0131\u011f\u0131 ifade edildi. &#8220;Vatanda\u015f\u0131n hayat\u0131n\u0131 kolayla\u015ft\u0131rmak&#8221; ilkesiyle yola \u00e7\u0131kan Ba\u015fkan Yeti\u015fkin, Efem Kart&#8230;<\/p>\n","protected":false},"author":1,"featured_media":93730,"comment_status":"open","ping_status":"open","sticky":false,"template":"","format":"standard","meta":{"_crdt_document":"","footnotes":""},"categories":[1],"tags":[],"class_list":["post-93729","post","type-post","status-publish","format-standard","has-post-thumbnail","hentry","category-guncel"],"_links":{"self":[{"href":"https:\/\/www.egemtv.com\/index.php?rest_route=\/wp\/v2\/posts\/93729","targetHints":{"allow":["GET"]}}],"collection":[{"href":"https:\/\/www.egemtv.com\/index.php?rest_route=\/wp\/v2\/posts"}],"about":[{"href":"https:\/\/www.egemtv.com\/index.php?rest_route=\/wp\/v2\/types\/post"}],"author":[{"embeddable":true,"href":"https:\/\/www.egemtv.com\/index.php?rest_route=\/wp\/v2\/users\/1"}],"replies":[{"embeddable":true,"href":"https:\/\/www.egemtv.com\/index.php?rest_route=%2Fwp%2Fv2%2Fcomments&post=93729"}],"version-history":[{"count":1,"href":"https:\/\/www.egemtv.com\/index.php?rest_route=\/wp\/v2\/posts\/93729\/revisions"}],"predecessor-version":[{"id":93731,"href":"https:\/\/www.egemtv.com\/index.php?rest_route=\/wp\/v2\/posts\/93729\/revisions\/93731"}],"wp:featuredmedia":[{"embeddable":true,"href":"https:\/\/www.egemtv.com\/index.php?rest_route=\/wp\/v2\/media\/93730"}],"wp:attachment":[{"href":"https:\/\/www.egemtv.com\/index.php?rest_route=%2Fwp%2Fv2%2Fmedia&parent=93729"}],"wp:term":[{"taxonomy":"category","embeddable":true,"href":"https:\/\/www.egemtv.com\/index.php?rest_route=%2Fwp%2Fv2%2Fcategories&post=93729"},{"taxonomy":"post_tag","embeddable":true,"href":"https:\/\/www.egemtv.com\/index.php?rest_route=%2Fwp%2Fv2%2Ftags&post=93729"}],"curies":[{"name":"wp","href":"https:\/\/api.w.org\/{rel}","templated":true}]}}