{"id":93726,"date":"2026-03-12T14:34:52","date_gmt":"2026-03-12T11:34:52","guid":{"rendered":"https:\/\/www.egemtv.com\/?p=93726"},"modified":"2026-03-12T14:34:53","modified_gmt":"2026-03-12T11:34:53","slug":"salihli-belediyesporda-teknik-direktorluge-kahraman-getirildi","status":"publish","type":"post","link":"https:\/\/www.egemtv.com\/?p=93726","title":{"rendered":"Salihli Belediyespor\u2019da teknik direkt\u00f6rl\u00fc\u011fe Kahraman getirildi"},"content":{"rendered":"<p>Manisa S\u00fcper Amat\u00f6r K\u00fcme\u2019de play-off m\u00fccadelesi verecek olan Salihli Belediyespor\u2019da teknik direkt\u00f6rl\u00fck g\u00f6revine &#8220;Hoze&#8221; lakapl\u0131 Murat Kahraman getirildi.<br \/>\n<br \/>Salihli\u2019yi Manisa S\u00fcper Amat\u00f6r K\u00fcme\u2019de temsil eden ekiplerden Salihli Belediyespor\u2019da, teknik direkt\u00f6r Zeki Erguvan ile yollar\u0131n ayr\u0131lmas\u0131n\u0131n ard\u0131ndan tak\u0131m\u0131n ba\u015f\u0131na Murat Kahraman getirildi.<br \/>\n<br \/>Salihli futbolunun yak\u0131ndan tan\u0131d\u0131\u011f\u0131 isimlerden biri olan Kahraman, daha \u00f6nce 3 sezon B\u00f6lgesel Amat\u00f6r Lig\u2019de (BAL) m\u00fccadele eden Salihli Belediyespor\u2019da g\u00f6rev yapm\u0131\u015f, son olarak ise 1984 Salihlispor\u2019da teknik sorumlu olarak \u00e7al\u0131\u015fm\u0131\u015ft\u0131.  Kul\u00fcp y\u00f6netimi ile resmi s\u00f6zle\u015fmeye imza atan Murat Kahraman, hedeflerinin Salihli Belediyespor\u2019u en \u00fcst noktalara ta\u015f\u0131mak oldu\u011funu belirtti. Kahraman, play-off ma\u00e7lar\u0131na en iyi \u015fekilde haz\u0131rlanacaklar\u0131n\u0131 ifade ederek, ye\u015fil-beyazl\u0131 ekibin ad\u0131n\u0131 yeniden B\u00f6lgesel Amat\u00f6r Lig\u2019e yazd\u0131rmak istediklerini s\u00f6yledi.<br \/><\/p>\n","protected":false},"excerpt":{"rendered":"<p>Manisa S\u00fcper Amat\u00f6r K\u00fcme\u2019de play-off m\u00fccadelesi verecek olan Salihli Belediyespor\u2019da teknik direkt\u00f6rl\u00fck g\u00f6revine &#8220;Hoze&#8221; lakapl\u0131 Murat Kahraman getirildi. Salihli\u2019yi Manisa S\u00fcper Amat\u00f6r K\u00fcme\u2019de temsil eden ekiplerden Salihli Belediyespor\u2019da, teknik direkt\u00f6r Zeki Erguvan ile yollar\u0131n ayr\u0131lmas\u0131n\u0131n ard\u0131ndan tak\u0131m\u0131n ba\u015f\u0131na Murat Kahraman getirildi. Salihli futbolunun yak\u0131ndan tan\u0131d\u0131\u011f\u0131 isimlerden biri olan Kahraman, daha \u00f6nce 3 sezon B\u00f6lgesel Amat\u00f6r&#8230;<\/p>\n","protected":false},"author":1,"featured_media":93727,"comment_status":"open","ping_status":"open","sticky":false,"template":"","format":"standard","meta":{"_crdt_document":"","footnotes":""},"categories":[4],"tags":[],"class_list":["post-93726","post","type-post","status-publish","format-standard","has-post-thumbnail","hentry","category-spor"],"_links":{"self":[{"href":"https:\/\/www.egemtv.com\/index.php?rest_route=\/wp\/v2\/posts\/93726","targetHints":{"allow":["GET"]}}],"collection":[{"href":"https:\/\/www.egemtv.com\/index.php?rest_route=\/wp\/v2\/posts"}],"about":[{"href":"https:\/\/www.egemtv.com\/index.php?rest_route=\/wp\/v2\/types\/post"}],"author":[{"embeddable":true,"href":"https:\/\/www.egemtv.com\/index.php?rest_route=\/wp\/v2\/users\/1"}],"replies":[{"embeddable":true,"href":"https:\/\/www.egemtv.com\/index.php?rest_route=%2Fwp%2Fv2%2Fcomments&post=93726"}],"version-history":[{"count":1,"href":"https:\/\/www.egemtv.com\/index.php?rest_route=\/wp\/v2\/posts\/93726\/revisions"}],"predecessor-version":[{"id":93728,"href":"https:\/\/www.egemtv.com\/index.php?rest_route=\/wp\/v2\/posts\/93726\/revisions\/93728"}],"wp:featuredmedia":[{"embeddable":true,"href":"https:\/\/www.egemtv.com\/index.php?rest_route=\/wp\/v2\/media\/93727"}],"wp:attachment":[{"href":"https:\/\/www.egemtv.com\/index.php?rest_route=%2Fwp%2Fv2%2Fmedia&parent=93726"}],"wp:term":[{"taxonomy":"category","embeddable":true,"href":"https:\/\/www.egemtv.com\/index.php?rest_route=%2Fwp%2Fv2%2Fcategories&post=93726"},{"taxonomy":"post_tag","embeddable":true,"href":"https:\/\/www.egemtv.com\/index.php?rest_route=%2Fwp%2Fv2%2Ftags&post=93726"}],"curies":[{"name":"wp","href":"https:\/\/api.w.org\/{rel}","templated":true}]}}