{"id":93708,"date":"2026-03-12T14:15:01","date_gmt":"2026-03-12T11:15:01","guid":{"rendered":"https:\/\/www.egemtv.com\/?p=93708"},"modified":"2026-03-12T14:15:02","modified_gmt":"2026-03-12T11:15:02","slug":"altay-dusme-hattina-gerilemek-istemiyor","status":"publish","type":"post","link":"https:\/\/www.egemtv.com\/?p=93708","title":{"rendered":"Altay, d\u00fc\u015fme hatt\u0131na gerilemek istemiyor"},"content":{"rendered":"<p>Altay, TFF 3. Lig 4. Grup\u2019ta hafta sonu deplasmanda oynayaca\u011f\u0131 Bal\u0131kesirspor kar\u015f\u0131la\u015fmas\u0131ndan puan ya da puanlarla d\u00f6nerek haftay\u0131 d\u00fc\u015fme hatt\u0131n\u0131n \u00fczerinde tamamlamay\u0131 hedefliyor.<br \/>\n<br \/>Altay, TFF 3. Lig 4. Grup\u2019ta hafta sonu kritik bir kar\u015f\u0131la\u015fmaya \u00e7\u0131kmaya haz\u0131rlan\u0131yor. Siyah-beyazl\u0131 ekip, ligin 25. haftas\u0131nda 15 Mart Pazar g\u00fcn\u00fc deplasmanda Bal\u0131kesirspor ile kar\u015f\u0131 kar\u015f\u0131ya gelecek.<br \/>\n<br \/>Altay, bu \u00f6nemli deplasmandan puan ya da puanlarla d\u00f6nerek d\u00fc\u015fme hatt\u0131ndan uzak kalmay\u0131 hedefliyor. \u0130zmir temsilcisinin Bal\u0131kesirspor kar\u015f\u0131s\u0131nda ma\u011flubiyet ya\u015famas\u0131 ve d\u00fc\u015fme hatt\u0131ndaki Bornova 1877\u2019nin haftay\u0131 3 puanla kapatmas\u0131 halinde siyah-beyazl\u0131lar d\u00fc\u015fme hatt\u0131na gerileyecek. Ancak Altay\u2019\u0131n Bal\u0131kesir deplasman\u0131ndan puan \u00e7\u0131karmas\u0131 durumunda Bornova 1877\u2019nin alaca\u011f\u0131 sonu\u00e7 \u00f6nemini yitirecek ve siyah-beyazl\u0131 ekip haftay\u0131 d\u00fc\u015fme hatt\u0131n\u0131n \u00fczerinde tamamlamay\u0131 garantileyecek.<br \/>\n<br \/>\u00d6te yandan teknik direkt\u00f6r Mehmet Can Karag\u00f6z\u2019\u00fcn hafta boyunca oyuncular\u0131n\u0131 iyi bir \u015fekilde motive etti\u011fi ve tak\u0131m\u0131n ligdeki 4 ma\u00e7l\u0131k galibiyet hasretini sona erdirmeyi hedefledi\u011fi \u00f6\u011frenildi.<\/p>\n<p>Son deplasman galibiyeti 21 Aral\u0131k 2025\u2019te<br \/>\n<br \/>Altay, deplasmandaki son galibiyetini 21 Aral\u0131k 2025\u2019te Afyonspor kar\u015f\u0131s\u0131nda 1-0\u2019l\u0131k skorla elde etti. \u0130zmir temsilcisi bu ma\u00e7\u0131n ard\u0131ndan konuk oldu\u011fu kar\u015f\u0131la\u015fmalarda Ayval\u0131kg\u00fcc\u00fc Belediyespor\u2019a 4-0, Eski\u015fehirspor\u2019a 2-1 ve Kar\u015f\u0131yaka\u2019ya 3-1 ma\u011flup olurken, S\u00f6ke 1970 ile ise 1-1 berabere kald\u0131.<br \/>\n<br \/>Siyah-beyazl\u0131lar, zorlu Bal\u0131kesirspor deplasman\u0131ndan 3 puanla ayr\u0131lmas\u0131 halinde ise \u0130zmir\u2019e tam 85 g\u00fcn sonra deplasman galibiyetiyle d\u00f6nm\u00fc\u015f olacak.<br \/><\/p>\n","protected":false},"excerpt":{"rendered":"<p>Altay, TFF 3. Lig 4. Grup\u2019ta hafta sonu deplasmanda oynayaca\u011f\u0131 Bal\u0131kesirspor kar\u015f\u0131la\u015fmas\u0131ndan puan ya da puanlarla d\u00f6nerek haftay\u0131 d\u00fc\u015fme hatt\u0131n\u0131n \u00fczerinde tamamlamay\u0131 hedefliyor. Altay, TFF 3. Lig 4. Grup\u2019ta hafta sonu kritik bir kar\u015f\u0131la\u015fmaya \u00e7\u0131kmaya haz\u0131rlan\u0131yor. Siyah-beyazl\u0131 ekip, ligin 25. haftas\u0131nda 15 Mart Pazar g\u00fcn\u00fc deplasmanda Bal\u0131kesirspor ile kar\u015f\u0131 kar\u015f\u0131ya gelecek. Altay, bu \u00f6nemli deplasmandan&#8230;<\/p>\n","protected":false},"author":1,"featured_media":93709,"comment_status":"open","ping_status":"open","sticky":false,"template":"","format":"standard","meta":{"_crdt_document":"","footnotes":""},"categories":[4],"tags":[],"class_list":["post-93708","post","type-post","status-publish","format-standard","has-post-thumbnail","hentry","category-spor"],"_links":{"self":[{"href":"https:\/\/www.egemtv.com\/index.php?rest_route=\/wp\/v2\/posts\/93708","targetHints":{"allow":["GET"]}}],"collection":[{"href":"https:\/\/www.egemtv.com\/index.php?rest_route=\/wp\/v2\/posts"}],"about":[{"href":"https:\/\/www.egemtv.com\/index.php?rest_route=\/wp\/v2\/types\/post"}],"author":[{"embeddable":true,"href":"https:\/\/www.egemtv.com\/index.php?rest_route=\/wp\/v2\/users\/1"}],"replies":[{"embeddable":true,"href":"https:\/\/www.egemtv.com\/index.php?rest_route=%2Fwp%2Fv2%2Fcomments&post=93708"}],"version-history":[{"count":1,"href":"https:\/\/www.egemtv.com\/index.php?rest_route=\/wp\/v2\/posts\/93708\/revisions"}],"predecessor-version":[{"id":93710,"href":"https:\/\/www.egemtv.com\/index.php?rest_route=\/wp\/v2\/posts\/93708\/revisions\/93710"}],"wp:featuredmedia":[{"embeddable":true,"href":"https:\/\/www.egemtv.com\/index.php?rest_route=\/wp\/v2\/media\/93709"}],"wp:attachment":[{"href":"https:\/\/www.egemtv.com\/index.php?rest_route=%2Fwp%2Fv2%2Fmedia&parent=93708"}],"wp:term":[{"taxonomy":"category","embeddable":true,"href":"https:\/\/www.egemtv.com\/index.php?rest_route=%2Fwp%2Fv2%2Fcategories&post=93708"},{"taxonomy":"post_tag","embeddable":true,"href":"https:\/\/www.egemtv.com\/index.php?rest_route=%2Fwp%2Fv2%2Ftags&post=93708"}],"curies":[{"name":"wp","href":"https:\/\/api.w.org\/{rel}","templated":true}]}}