{"id":93705,"date":"2026-03-12T14:14:59","date_gmt":"2026-03-12T11:14:59","guid":{"rendered":"https:\/\/www.egemtv.com\/?p=93705"},"modified":"2026-03-12T14:15:00","modified_gmt":"2026-03-12T11:15:00","slug":"bascayirda-minik-yureklerden-ramazan-kolisi","status":"publish","type":"post","link":"https:\/\/www.egemtv.com\/?p=93705","title":{"rendered":"Ba\u015f\u00e7ay\u0131r\u2019da minik y\u00fcreklerden Ramazan kolisi"},"content":{"rendered":"<p>K\u00f6\u015fk Ba\u015f\u00e7ay\u0131r \u0130lk\u00f6\u011fretim Okulu \u00f6\u011frencilerinin &#8220;Maarifin Kalbinde Ramazan&#8221; etkinlikleri kapsam\u0131nda kendi elleriyle haz\u0131rlad\u0131\u011f\u0131 yard\u0131m kolileri, ihtiya\u00e7 sahibi ailelerin sofralar\u0131na ula\u015ft\u0131r\u0131ld\u0131.<br \/>\n<br \/>Ramazan ay\u0131n\u0131n manevi iklimi, payla\u015fma ve dayan\u0131\u015fma ruhu Ba\u015f\u00e7ay\u0131r\u2019da ilkokul ve ortaokul \u00f6\u011frencileri sayesinde sadece okul duvarlar\u0131 aras\u0131nda kalmayarak t\u00fcm il\u00e7eye yay\u0131lan bir yard\u0131mla\u015fmaya d\u00f6n\u00fc\u015ft\u00fc. \u00d6\u011frencilerin kendi imkanlar\u0131 ve b\u00fcy\u00fck bir \u00f6zveriyle haz\u0131rlad\u0131\u011f\u0131 Ramazan kolileri, ihtiya\u00e7 sahibi vatanda\u015flar\u0131n sofralar\u0131na bereket, g\u00f6n\u00fcllerine ise s\u0131cak bir tebess\u00fcm oldu.<br \/>\n<br \/>Ba\u015f\u00e7ay\u0131r \u0130lk\u00f6\u011fretim Okul M\u00fcd\u00fcr\u00fc Bahattin Akayd\u0131n bu g\u00fczel etkinlik sonras\u0131 yapt\u0131\u011f\u0131 payla\u015f\u0131mda; &#8220;\u00d6\u011frencilerimizin dayan\u0131\u015fma ve payla\u015fma ruhuyla, b\u00fcy\u00fck bir \u00f6zenle haz\u0131rlad\u0131\u011f\u0131 bu koliler, Ramazan ay\u0131n\u0131n manevi atmosferine tarif edilemez bir anlam katt\u0131. Yard\u0131mla\u015fman\u0131n en saf halini bizlere g\u00f6steren bu evlatlar\u0131m\u0131z\u0131n \u00e7abas\u0131 her t\u00fcrl\u00fc takdirin \u00fczerindedir. Bu g\u00fczel \u00e7al\u0131\u015fmada eme\u011fi ge\u00e7en ba\u015fta sevgili \u00f6\u011frencilerimiz olmak \u00fczere, onlara rehberlik eden k\u0131ymetli \u00f6\u011fretmenlerimize ve okul y\u00f6netimimize g\u00f6n\u00fclden te\u015fekk\u00fcr ederiz&#8221; ifadelerini kulland\u0131.<br \/><\/p>\n","protected":false},"excerpt":{"rendered":"<p>K\u00f6\u015fk Ba\u015f\u00e7ay\u0131r \u0130lk\u00f6\u011fretim Okulu \u00f6\u011frencilerinin &#8220;Maarifin Kalbinde Ramazan&#8221; etkinlikleri kapsam\u0131nda kendi elleriyle haz\u0131rlad\u0131\u011f\u0131 yard\u0131m kolileri, ihtiya\u00e7 sahibi ailelerin sofralar\u0131na ula\u015ft\u0131r\u0131ld\u0131. Ramazan ay\u0131n\u0131n manevi iklimi, payla\u015fma ve dayan\u0131\u015fma ruhu Ba\u015f\u00e7ay\u0131r\u2019da ilkokul ve ortaokul \u00f6\u011frencileri sayesinde sadece okul duvarlar\u0131 aras\u0131nda kalmayarak t\u00fcm il\u00e7eye yay\u0131lan bir yard\u0131mla\u015fmaya d\u00f6n\u00fc\u015ft\u00fc. \u00d6\u011frencilerin kendi imkanlar\u0131 ve b\u00fcy\u00fck bir \u00f6zveriyle haz\u0131rlad\u0131\u011f\u0131 Ramazan kolileri,&#8230;<\/p>\n","protected":false},"author":1,"featured_media":93706,"comment_status":"open","ping_status":"open","sticky":false,"template":"","format":"standard","meta":{"_crdt_document":"","footnotes":""},"categories":[1],"tags":[],"class_list":["post-93705","post","type-post","status-publish","format-standard","has-post-thumbnail","hentry","category-guncel"],"_links":{"self":[{"href":"https:\/\/www.egemtv.com\/index.php?rest_route=\/wp\/v2\/posts\/93705","targetHints":{"allow":["GET"]}}],"collection":[{"href":"https:\/\/www.egemtv.com\/index.php?rest_route=\/wp\/v2\/posts"}],"about":[{"href":"https:\/\/www.egemtv.com\/index.php?rest_route=\/wp\/v2\/types\/post"}],"author":[{"embeddable":true,"href":"https:\/\/www.egemtv.com\/index.php?rest_route=\/wp\/v2\/users\/1"}],"replies":[{"embeddable":true,"href":"https:\/\/www.egemtv.com\/index.php?rest_route=%2Fwp%2Fv2%2Fcomments&post=93705"}],"version-history":[{"count":1,"href":"https:\/\/www.egemtv.com\/index.php?rest_route=\/wp\/v2\/posts\/93705\/revisions"}],"predecessor-version":[{"id":93707,"href":"https:\/\/www.egemtv.com\/index.php?rest_route=\/wp\/v2\/posts\/93705\/revisions\/93707"}],"wp:featuredmedia":[{"embeddable":true,"href":"https:\/\/www.egemtv.com\/index.php?rest_route=\/wp\/v2\/media\/93706"}],"wp:attachment":[{"href":"https:\/\/www.egemtv.com\/index.php?rest_route=%2Fwp%2Fv2%2Fmedia&parent=93705"}],"wp:term":[{"taxonomy":"category","embeddable":true,"href":"https:\/\/www.egemtv.com\/index.php?rest_route=%2Fwp%2Fv2%2Fcategories&post=93705"},{"taxonomy":"post_tag","embeddable":true,"href":"https:\/\/www.egemtv.com\/index.php?rest_route=%2Fwp%2Fv2%2Ftags&post=93705"}],"curies":[{"name":"wp","href":"https:\/\/api.w.org\/{rel}","templated":true}]}}