{"id":93702,"date":"2026-03-12T14:14:59","date_gmt":"2026-03-12T11:14:59","guid":{"rendered":"https:\/\/www.egemtv.com\/?p=93702"},"modified":"2026-03-12T14:14:59","modified_gmt":"2026-03-12T11:14:59","slug":"mugladaki-hastaneye-birincilik-odulu","status":"publish","type":"post","link":"https:\/\/www.egemtv.com\/?p=93702","title":{"rendered":"Mu\u011fla\u2019daki hastaneye birincilik \u00f6d\u00fcl\u00fc"},"content":{"rendered":"<p>Mu\u011fla E\u011fitim ve Ara\u015ft\u0131rma Hastanesi Kad\u0131n Hastal\u0131klar\u0131 ve Do\u011fum ekibi, uluslararas\u0131 standartlardaki cerrahi ba\u015far\u0131s\u0131n\u0131 &#8220;Canl\u0131 Cerrahi Video Birincilik \u00d6d\u00fcl\u00fc&#8221; ile ta\u00e7land\u0131rd\u0131.<\/p>\n<p>Avrupa Jinekolojik Endoskopi Derne\u011fi (ESGE) taraf\u0131ndan &#8220;Kurumsal \u00dcye Dernek&#8221; olarak tan\u0131nan Minimal \u0130nvaziv Endoskopi Platformu, 12-14 \u015eubat 2026 tarihleri aras\u0131nda 8. Minimal \u0130nvaziv Jinekolojik Cerrahi Kongresi\u2019ni ger\u00e7ekle\u015ftirdi. Bilim d\u00fcnyas\u0131n\u0131n yak\u0131ndan takip etti\u011fi bu prestijli kongrede, Mu\u011fla damgas\u0131 vuruldu.<br \/>\n<br \/>Mu\u011fla E\u011fitim ve Ara\u015ft\u0131rma Hastanesi Jinekolojik Onkoloji Cerrahisi Uzman\u0131 Prof. Dr. Kemal G\u00fcng\u00f6rd\u00fck ve ekibi, kongre kapsam\u0131nda ger\u00e7ekle\u015ftirdikleri canl\u0131 cerrahi uygulamas\u0131yla b\u00fcy\u00fck be\u011feni toplad\u0131.<\/p>\n<p>J\u00fcri taraf\u0131ndan titizlikle incelenen cerrahi \u00e7al\u0131\u015fma; Teknik uygulama ba\u015far\u0131s\u0131, \u0130novatif yakla\u015f\u0131m\u0131, Ve video sunum kalitesiyle, t\u00fcm rakiplerini geride b\u0131rakarak Canl\u0131 Cerrahi Video Birincilik \u00d6d\u00fcl\u00fcne lay\u0131k g\u00f6r\u00fcld\u00fc.<\/p>\n<p>Elde edilen bu uluslararas\u0131 d\u00fczeydeki ba\u015far\u0131n\u0131n ard\u0131ndan bir a\u00e7\u0131klama yapan Mu\u011fla E\u011fitim ve Ara\u015ft\u0131rma Hastanesi Ba\u015fhekimi Prof. Dr. Ethem Acar, \u00fcniversite ve hastane ad\u0131na duyduklar\u0131 gururu dile getirdi. Prof. Dr. Acar; Prof. Dr. Kemal G\u00fcng\u00f6rd\u00fck ve ekibini tebrik ederek, bu t\u00fcr bilimsel ba\u015far\u0131lar\u0131n b\u00f6lge sa\u011fl\u0131k hizmetlerine ve t\u0131p literat\u00fcr\u00fcne katk\u0131s\u0131n\u0131n devam etmesi temennisinde bulundu.<br \/><\/p>\n","protected":false},"excerpt":{"rendered":"<p>Mu\u011fla E\u011fitim ve Ara\u015ft\u0131rma Hastanesi Kad\u0131n Hastal\u0131klar\u0131 ve Do\u011fum ekibi, uluslararas\u0131 standartlardaki cerrahi ba\u015far\u0131s\u0131n\u0131 &#8220;Canl\u0131 Cerrahi Video Birincilik \u00d6d\u00fcl\u00fc&#8221; ile ta\u00e7land\u0131rd\u0131. Avrupa Jinekolojik Endoskopi Derne\u011fi (ESGE) taraf\u0131ndan &#8220;Kurumsal \u00dcye Dernek&#8221; olarak tan\u0131nan Minimal \u0130nvaziv Endoskopi Platformu, 12-14 \u015eubat 2026 tarihleri aras\u0131nda 8. Minimal \u0130nvaziv Jinekolojik Cerrahi Kongresi\u2019ni ger\u00e7ekle\u015ftirdi. Bilim d\u00fcnyas\u0131n\u0131n yak\u0131ndan takip etti\u011fi bu prestijli&#8230;<\/p>\n","protected":false},"author":1,"featured_media":93703,"comment_status":"open","ping_status":"open","sticky":false,"template":"","format":"standard","meta":{"_crdt_document":"","footnotes":""},"categories":[2],"tags":[],"class_list":["post-93702","post","type-post","status-publish","format-standard","has-post-thumbnail","hentry","category-saglik"],"_links":{"self":[{"href":"https:\/\/www.egemtv.com\/index.php?rest_route=\/wp\/v2\/posts\/93702","targetHints":{"allow":["GET"]}}],"collection":[{"href":"https:\/\/www.egemtv.com\/index.php?rest_route=\/wp\/v2\/posts"}],"about":[{"href":"https:\/\/www.egemtv.com\/index.php?rest_route=\/wp\/v2\/types\/post"}],"author":[{"embeddable":true,"href":"https:\/\/www.egemtv.com\/index.php?rest_route=\/wp\/v2\/users\/1"}],"replies":[{"embeddable":true,"href":"https:\/\/www.egemtv.com\/index.php?rest_route=%2Fwp%2Fv2%2Fcomments&post=93702"}],"version-history":[{"count":1,"href":"https:\/\/www.egemtv.com\/index.php?rest_route=\/wp\/v2\/posts\/93702\/revisions"}],"predecessor-version":[{"id":93704,"href":"https:\/\/www.egemtv.com\/index.php?rest_route=\/wp\/v2\/posts\/93702\/revisions\/93704"}],"wp:featuredmedia":[{"embeddable":true,"href":"https:\/\/www.egemtv.com\/index.php?rest_route=\/wp\/v2\/media\/93703"}],"wp:attachment":[{"href":"https:\/\/www.egemtv.com\/index.php?rest_route=%2Fwp%2Fv2%2Fmedia&parent=93702"}],"wp:term":[{"taxonomy":"category","embeddable":true,"href":"https:\/\/www.egemtv.com\/index.php?rest_route=%2Fwp%2Fv2%2Fcategories&post=93702"},{"taxonomy":"post_tag","embeddable":true,"href":"https:\/\/www.egemtv.com\/index.php?rest_route=%2Fwp%2Fv2%2Ftags&post=93702"}],"curies":[{"name":"wp","href":"https:\/\/api.w.org\/{rel}","templated":true}]}}